{"id":22531,"date":"2022-10-24T14:10:28","date_gmt":"2022-10-24T20:10:28","guid":{"rendered":"https:\/\/puntociegoeditorial.com\/web\/?p=22531"},"modified":"2022-10-24T14:10:28","modified_gmt":"2022-10-24T20:10:28","slug":"regularizacion-de-vehiculos-extranjeros-rebasa-la-meta-prevista","status":"publish","type":"post","link":"https:\/\/www.puntociegoeditorial.com\/web\/2022\/10\/24\/regularizacion-de-vehiculos-extranjeros-rebasa-la-meta-prevista\/","title":{"rendered":"<em>Regularizaci\u00f3n de veh\u00edculos extranjeros rebasa la meta prevista<\/em>"},"content":{"rendered":"\n<p><em>Adem\u00e1s, se dio a conocer que el Centro Estatal de Conciliaci\u00f3n Laboral registra 95 por ciento de acuerdos en solicitudes de resoluci\u00f3n de conflictos.<\/em><\/p>\n\n\n\n<p>Culiac\u00e1n, Sinaloa, a 24 de Octubre de 2022.- Como resultado de las acciones efectuadas por el Gobernador Rub\u00e9n Rocha Moya con el objetivo de mejorar el bienestar de la poblaci\u00f3n a trav\u00e9s de estrategias que otorguen certeza jur\u00eddica, protejan el patrimonio familiar y garanticen la seguridad p\u00fablica, en el marco de la Conferencia Semanera de este lunes, Enrique Inzunza C\u00e1zarez, Secretario General de Gobierno, dio a conocer que la meta inicial de regularizar 50 mil veh\u00edculos de procedencia extranjera, ya se alcanz\u00f3 e incluso se super\u00f3.<\/p>\n\n\n\n<p>\u00abOriginalmente se hab\u00eda previsto una cifra de 50 mil veh\u00edculos para ser regularizados, esta cifra ya se alcanz\u00f3 y se rebas\u00f3. Al 21 de octubre hay 50 mil 261 veh\u00edculos regularizados y emplacados como parte de este proceso. Esto ha significado una recaudaci\u00f3n de 87.9 millones de pesos, por lo que ata\u00f1e a lo estatal y 125.6 millones de pesos recaudado por lo que ata\u00f1e a lo federal\u00bb, precis\u00f3 el Secretario General.<\/p>\n\n\n\n<p>El Gobernador Rocha Moya se\u00f1al\u00f3 que esta semana se firmar\u00e1 el convenio con el Gobierno Federal para que el recurso recaudado en este rubro, pueda ser aplicado para obra p\u00fablica en los 18 municipios del estado, lo cual registra un avance de 24 proyectos de obras registradas hasta el momento, equivalentes a una inversi\u00f3n de 74 millones de pesos.<\/p>\n\n\n\n<p>Por otra parte, en relaci\u00f3n a la implementaci\u00f3n del nuevo Sistema de Justicia Laboral, que implic\u00f3 un cambio de la forma tradicional de justicia impartida por Juntas de Conciliaci\u00f3n y Arbitraje a un sistema donde se privilegia los mecanismos alternativos de soluci\u00f3n de controversias, Inzunza C\u00e1zarez record\u00f3 que ahora todo conflicto entre patr\u00f3n y trabajador debe ser planteado inicialmente ante un Centro Estatal de Conciliaci\u00f3n Laboral, que en el caso de Sinaloa funciona desde el d\u00eda 3 de octubre de este a\u00f1o y que est\u00e1 funcionando adecuadamente, registrando una recepci\u00f3n de 602 solicitudes de resoluci\u00f3n de conflicto entre patr\u00f3n-trabajador, obteniendo acuerdos satisfactorios en el 95 por ciento de las 393 solicitudes que han sido procesadas hasta el momento.<\/p>\n\n\n\n<p>\u00abA partir de la entrada en vigor de esta reforma en Sinaloa, se cre\u00f3 el Centro Estatal de Conciliaci\u00f3n Laboral que tiene sede en Culiac\u00e1n, dos delegaciones, una en la ciudad de Los Mochis para la zona norte, una en la ciudad de Mazatl\u00e1n para la zona sur y pr\u00f3ximamente, por instrucciones del gobernador, estaremos habilitando una sede en la ciudad de Guasave. Es importante se\u00f1alar que a partir de estos convenios se ha logrado que 10 millones 964 mil pesos hayan sido materia de estos convenios, todos en beneficio por supuesto del trabajador\u00bb, indic\u00f3 el Secretario General.<\/p>\n\n\n\n<p>Finalmente, Inzunza C\u00e1zarez record\u00f3 que en aquellos casos donde no exista conciliaci\u00f3n el sistema permite que el caso sea planteado de manera litigiosa ante un juzgado de lo laboral.<\/p>\n","protected":false},"excerpt":{"rendered":"<p>Adem\u00e1s, se dio a conocer que el Centro Estatal de Conciliaci\u00f3n Laboral registra 95 por ciento de acuerdos en solicitudes de resoluci\u00f3n de conflictos. Culiac\u00e1n, Sinaloa, a 24 de Octubre de 2022.- Como resultado de las acciones efectuadas por el Gobernador Rub\u00e9n Rocha Moya con el objetivo de mejorar el bienestar de la poblaci\u00f3n a [&hellip;]<\/p>\n","protected":false},"author":2,"featured_media":22532,"comment_status":"open","ping_status":"open","sticky":false,"template":"","format":"standard","meta":{"_mi_skip_tracking":false,"footnotes":""},"categories":[13],"tags":[134],"class_list":["post-22531","post","type-post","status-publish","format-standard","has-post-thumbnail","hentry","category-sinaloa","tag-ruben-rocha-moya"],"_links":{"self":[{"href":"https:\/\/www.puntociegoeditorial.com\/web\/wp-json\/wp\/v2\/posts\/22531","targetHints":{"allow":["GET"]}}],"collection":[{"href":"https:\/\/www.puntociegoeditorial.com\/web\/wp-json\/wp\/v2\/posts"}],"about":[{"href":"https:\/\/www.puntociegoeditorial.com\/web\/wp-json\/wp\/v2\/types\/post"}],"author":[{"embeddable":true,"href":"https:\/\/www.puntociegoeditorial.com\/web\/wp-json\/wp\/v2\/users\/2"}],"replies":[{"embeddable":true,"href":"https:\/\/www.puntociegoeditorial.com\/web\/wp-json\/wp\/v2\/comments?post=22531"}],"version-history":[{"count":1,"href":"https:\/\/www.puntociegoeditorial.com\/web\/wp-json\/wp\/v2\/posts\/22531\/revisions"}],"predecessor-version":[{"id":22533,"href":"https:\/\/www.puntociegoeditorial.com\/web\/wp-json\/wp\/v2\/posts\/22531\/revisions\/22533"}],"wp:featuredmedia":[{"embeddable":true,"href":"https:\/\/www.puntociegoeditorial.com\/web\/wp-json\/wp\/v2\/media\/22532"}],"wp:attachment":[{"href":"https:\/\/www.puntociegoeditorial.com\/web\/wp-json\/wp\/v2\/media?parent=22531"}],"wp:term":[{"taxonomy":"category","embeddable":true,"href":"https:\/\/www.puntociegoeditorial.com\/web\/wp-json\/wp\/v2\/categories?post=22531"},{"taxonomy":"post_tag","embeddable":true,"href":"https:\/\/www.puntociegoeditorial.com\/web\/wp-json\/wp\/v2\/tags?post=22531"}],"curies":[{"name":"wp","href":"https:\/\/api.w.org\/{rel}","templated":true}]}}