{"id":22537,"date":"2022-10-24T14:13:15","date_gmt":"2022-10-24T20:13:15","guid":{"rendered":"https:\/\/puntociegoeditorial.com\/web\/?p=22537"},"modified":"2022-10-24T14:13:15","modified_gmt":"2022-10-24T20:13:15","slug":"navolato-firma-convenio-con-pronatura","status":"publish","type":"post","link":"https:\/\/www.puntociegoeditorial.com\/web\/2022\/10\/24\/navolato-firma-convenio-con-pronatura\/","title":{"rendered":"Navolato firma convenio con PRONATURA"},"content":{"rendered":"\n<p>La Alcaldesa Margoth Urrea P\u00e9rez, inform\u00f3 que la colaboraci\u00f3n con esta asociaci\u00f3n civil es principalmente para trabajar en la protecci\u00f3n al medio ambiente y brindar una mejor calidad de vida a los navolatenses.<\/p>\n\n\n\n<p>Navolato, Sinaloa, lunes 24 de octubre de 2022.- El H. Ayuntamiento de Navolato a trav\u00e9s de la Presidenta Municipal Margoth Urrea P\u00e9rez, y la Directora de Urbanismo y Gesti\u00f3n Ambiental, Cristian Yarely D\u00edaz S\u00e1nchez, firm\u00f3 un convenio con PRONATURA NOROESTE A.C a trav\u00e9s del Coordinador Regional de dicha Asociaci\u00f3n Civil, Juan Carlos Leyva Mart\u00ednez, con la finalidad de implementar pol\u00edticas p\u00fablicas para la protecci\u00f3n del ecosistema y ofrecer a los navolatenses una mejor calidad de vida.<br>La Alcaldesa Margoth Urrea P\u00e9rez se\u00f1al\u00f3 que el objetivo de esta colaboraci\u00f3n es el de implementar un programa municipal de protecci\u00f3n al ambiente donde participen gobierno y sociedad.<br>\u201cEl presente convenio de concertaci\u00f3n tiene por objetivo coordinar estrategias y acciones encaminadas a contribuir a un desarrollo integran sustentable, que garantice la conservaci\u00f3n de la biodiversidad y el mejoramiento de la calidad de vida de los navolatenses\u201d, expres\u00f3.<br>Urrea P\u00e9rez reconoci\u00f3 la importancia de unir esfuerzos, capacidades y recursos para el beneficio social y ecol\u00f3gico de Navolato, por su parte el Coordinador regional de PRONATURA agradeci\u00f3 a la Alcaldesa por el convenio, afirmando que esta uni\u00f3n se enfocar\u00e1 en fomentar cambios en la sociedad para lograr mejores modelos de uso y manejo de recursos naturales en el municipio.<\/p>\n","protected":false},"excerpt":{"rendered":"<p>La Alcaldesa Margoth Urrea P\u00e9rez, inform\u00f3 que la colaboraci\u00f3n con esta asociaci\u00f3n civil es principalmente para trabajar en la protecci\u00f3n al medio ambiente y brindar una mejor calidad de vida a los navolatenses. Navolato, Sinaloa, lunes 24 de octubre de 2022.- El H. Ayuntamiento de Navolato a trav\u00e9s de la Presidenta Municipal Margoth Urrea P\u00e9rez, [&hellip;]<\/p>\n","protected":false},"author":2,"featured_media":22538,"comment_status":"open","ping_status":"open","sticky":false,"template":"","format":"standard","meta":{"_mi_skip_tracking":false,"footnotes":""},"categories":[12],"tags":[472,106],"class_list":["post-22537","post","type-post","status-publish","format-standard","has-post-thumbnail","hentry","category-ciudad","tag-margoth-urrea","tag-navolato"],"_links":{"self":[{"href":"https:\/\/www.puntociegoeditorial.com\/web\/wp-json\/wp\/v2\/posts\/22537","targetHints":{"allow":["GET"]}}],"collection":[{"href":"https:\/\/www.puntociegoeditorial.com\/web\/wp-json\/wp\/v2\/posts"}],"about":[{"href":"https:\/\/www.puntociegoeditorial.com\/web\/wp-json\/wp\/v2\/types\/post"}],"author":[{"embeddable":true,"href":"https:\/\/www.puntociegoeditorial.com\/web\/wp-json\/wp\/v2\/users\/2"}],"replies":[{"embeddable":true,"href":"https:\/\/www.puntociegoeditorial.com\/web\/wp-json\/wp\/v2\/comments?post=22537"}],"version-history":[{"count":1,"href":"https:\/\/www.puntociegoeditorial.com\/web\/wp-json\/wp\/v2\/posts\/22537\/revisions"}],"predecessor-version":[{"id":22539,"href":"https:\/\/www.puntociegoeditorial.com\/web\/wp-json\/wp\/v2\/posts\/22537\/revisions\/22539"}],"wp:featuredmedia":[{"embeddable":true,"href":"https:\/\/www.puntociegoeditorial.com\/web\/wp-json\/wp\/v2\/media\/22538"}],"wp:attachment":[{"href":"https:\/\/www.puntociegoeditorial.com\/web\/wp-json\/wp\/v2\/media?parent=22537"}],"wp:term":[{"taxonomy":"category","embeddable":true,"href":"https:\/\/www.puntociegoeditorial.com\/web\/wp-json\/wp\/v2\/categories?post=22537"},{"taxonomy":"post_tag","embeddable":true,"href":"https:\/\/www.puntociegoeditorial.com\/web\/wp-json\/wp\/v2\/tags?post=22537"}],"curies":[{"name":"wp","href":"https:\/\/api.w.org\/{rel}","templated":true}]}}