{"id":22598,"date":"2022-10-25T17:44:42","date_gmt":"2022-10-25T23:44:42","guid":{"rendered":"http:\/\/puntociegoeditorial.com\/web\/?p=22598"},"modified":"2022-10-25T17:44:42","modified_gmt":"2022-10-25T23:44:42","slug":"de-manera-inmediata-estaran-buscando-alcalde-sustituto-en-el-congreso-del-estado","status":"publish","type":"post","link":"https:\/\/www.puntociegoeditorial.com\/web\/2022\/10\/25\/de-manera-inmediata-estaran-buscando-alcalde-sustituto-en-el-congreso-del-estado\/","title":{"rendered":"De manera inmediata estar\u00e1n buscando alcalde sustituto en el Congreso del Estado"},"content":{"rendered":"\n<p>El presidente de la Junta de Coordinaci\u00f3n Pol\u00edtica del Congreso del Estado, expres\u00f3 que esperan que cabildo de Mazatl\u00e1n declare que la presidencia est\u00e1 vacante para tomar acciones inmediatas<\/p>\n\n\n\n<p>CULIAC\u00c1N. A la espera de que el cabildo de Mazatl\u00e1n anuncie que la presidencia municipal est\u00e1 vacante, los diputados del Congreso del Estado estar\u00e1n evaluando las propuestas para elegir al nuevo alcalde sustituto, esto tras la renuncia de Luis Guillermo Ben\u00edtez Torres, se\u00f1al\u00f3 el presidente de la Junta de Coordinaci\u00f3n Pol\u00edtica del Congreso del Estado.<\/p>\n\n\n\n<p>Feliciano Castro Melendrez, en rueda de prensa, explic\u00f3 que por el momento no tienen propuestas, pero de manera inmediata estar\u00e1n buscando al sustituto de Ben\u00edtez Torres.<\/p>\n\n\n\n<p>Extern\u00f3 que cuanto se anuncie la vacante en el cabildo de Mazatl\u00e1n se reunir\u00e1n los legisladores del Congreso del Estado para proponer y votar por el nuevo alcalde de Mazatl\u00e1n.<\/p>\n\n\n\n<p>\u00abLo que ahora contin\u00faa es proponer candidatos a la presidencia de Mazatl\u00e1n, votar, y elegir al sustituto de Ben\u00edtez Torres, esto es de manera inmediata\u00bb.<\/p>\n\n\n\n<p>Castro Melendrez agreg\u00f3 que el hecho de que Ben\u00edtez Torres renuncie a la alcald\u00eda no quita que la investigaci\u00f3n por el da\u00f1o patrimonial concluya, la Fiscal\u00eda General del Estado seguir\u00e1 investigando esta situaci\u00f3n de agravio al municipio por la compra de luminarias de Azteca Lighting.<\/p>\n\n\n\n<p><\/p>\n","protected":false},"excerpt":{"rendered":"<p>El presidente de la Junta de Coordinaci\u00f3n Pol\u00edtica del Congreso del Estado, expres\u00f3 que esperan que cabildo de Mazatl\u00e1n declare que la presidencia est\u00e1 vacante para tomar acciones inmediatas CULIAC\u00c1N. A la espera de que el cabildo de Mazatl\u00e1n anuncie que la presidencia municipal est\u00e1 vacante, los diputados del Congreso del Estado estar\u00e1n evaluando las [&hellip;]<\/p>\n","protected":false},"author":2,"featured_media":22599,"comment_status":"open","ping_status":"open","sticky":false,"template":"","format":"standard","meta":{"_mi_skip_tracking":false,"footnotes":""},"categories":[13],"tags":[47],"class_list":["post-22598","post","type-post","status-publish","format-standard","has-post-thumbnail","hentry","category-sinaloa","tag-congreso-del-estado"],"_links":{"self":[{"href":"https:\/\/www.puntociegoeditorial.com\/web\/wp-json\/wp\/v2\/posts\/22598","targetHints":{"allow":["GET"]}}],"collection":[{"href":"https:\/\/www.puntociegoeditorial.com\/web\/wp-json\/wp\/v2\/posts"}],"about":[{"href":"https:\/\/www.puntociegoeditorial.com\/web\/wp-json\/wp\/v2\/types\/post"}],"author":[{"embeddable":true,"href":"https:\/\/www.puntociegoeditorial.com\/web\/wp-json\/wp\/v2\/users\/2"}],"replies":[{"embeddable":true,"href":"https:\/\/www.puntociegoeditorial.com\/web\/wp-json\/wp\/v2\/comments?post=22598"}],"version-history":[{"count":1,"href":"https:\/\/www.puntociegoeditorial.com\/web\/wp-json\/wp\/v2\/posts\/22598\/revisions"}],"predecessor-version":[{"id":22600,"href":"https:\/\/www.puntociegoeditorial.com\/web\/wp-json\/wp\/v2\/posts\/22598\/revisions\/22600"}],"wp:featuredmedia":[{"embeddable":true,"href":"https:\/\/www.puntociegoeditorial.com\/web\/wp-json\/wp\/v2\/media\/22599"}],"wp:attachment":[{"href":"https:\/\/www.puntociegoeditorial.com\/web\/wp-json\/wp\/v2\/media?parent=22598"}],"wp:term":[{"taxonomy":"category","embeddable":true,"href":"https:\/\/www.puntociegoeditorial.com\/web\/wp-json\/wp\/v2\/categories?post=22598"},{"taxonomy":"post_tag","embeddable":true,"href":"https:\/\/www.puntociegoeditorial.com\/web\/wp-json\/wp\/v2\/tags?post=22598"}],"curies":[{"name":"wp","href":"https:\/\/api.w.org\/{rel}","templated":true}]}}