{"id":22601,"date":"2022-10-25T17:45:41","date_gmt":"2022-10-25T23:45:41","guid":{"rendered":"http:\/\/puntociegoeditorial.com\/web\/?p=22601"},"modified":"2022-10-25T17:45:41","modified_gmt":"2022-10-25T23:45:41","slug":"hay-alrededor-de-300-edificios-en-el-centro-con-danos-en-su-infraestructura","status":"publish","type":"post","link":"https:\/\/www.puntociegoeditorial.com\/web\/2022\/10\/25\/hay-alrededor-de-300-edificios-en-el-centro-con-danos-en-su-infraestructura\/","title":{"rendered":"Hay alrededor de 300 edificios en el centro con da\u00f1os en su infraestructura"},"content":{"rendered":"\n<p>El director de Protecci\u00f3n Civil en Culiac\u00e1n se\u00f1al\u00f3 que ya le han hecho las observaciones a los propietarios de estos locales<\/p>\n\n\n\n<p>CULIAC\u00c1N. El centro de la ciudad cuenta con varios establecimientos que est\u00e1n en situaci\u00f3n de riesgo, sobre todo en la infraestructura de los edificios, se\u00f1al\u00f3 el director de Protecci\u00f3n Civil en Culiac\u00e1n<\/p>\n\n\n\n<p>Jes\u00fas Bell Mendoza Ontiveros, explic\u00f3 que han hecho 300 observaciones de locales que requieren de modificaciones, por lo que ya se entregaron estas actas a los due\u00f1os de estos edificios.<\/p>\n\n\n\n<p>Extern\u00f3 que la labor que realiza Protecci\u00f3n Civil es de revisar las condiciones de estos locales, sin embargo, los propietarios son quienes deben de rehabilitar estos edificios para evitar tragedias como las que ya se han presentado.<\/p>\n\n\n\n<p>\u00abHemos realizado 300 observaciones de edificios que est\u00e1n en malas condiciones, requieren de modificaciones porque su infraestructura est\u00e1 en riesgo\u00bb.<\/p>\n\n\n\n<p>Mendoza Ontiveros agreg\u00f3 que si un edificio llega a presentar un da\u00f1o, en esta caso un colapso, aqu\u00ed la responsabilidad recae en los due\u00f1os por no atender estas observaciones.<\/p>\n","protected":false},"excerpt":{"rendered":"<p>El director de Protecci\u00f3n Civil en Culiac\u00e1n se\u00f1al\u00f3 que ya le han hecho las observaciones a los propietarios de estos locales CULIAC\u00c1N. El centro de la ciudad cuenta con varios establecimientos que est\u00e1n en situaci\u00f3n de riesgo, sobre todo en la infraestructura de los edificios, se\u00f1al\u00f3 el director de Protecci\u00f3n Civil en Culiac\u00e1n Jes\u00fas Bell [&hellip;]<\/p>\n","protected":false},"author":2,"featured_media":22602,"comment_status":"open","ping_status":"open","sticky":false,"template":"","format":"standard","meta":{"_mi_skip_tracking":false,"footnotes":""},"categories":[12],"tags":[25],"class_list":["post-22601","post","type-post","status-publish","format-standard","has-post-thumbnail","hentry","category-ciudad","tag-proteccion-civil"],"_links":{"self":[{"href":"https:\/\/www.puntociegoeditorial.com\/web\/wp-json\/wp\/v2\/posts\/22601","targetHints":{"allow":["GET"]}}],"collection":[{"href":"https:\/\/www.puntociegoeditorial.com\/web\/wp-json\/wp\/v2\/posts"}],"about":[{"href":"https:\/\/www.puntociegoeditorial.com\/web\/wp-json\/wp\/v2\/types\/post"}],"author":[{"embeddable":true,"href":"https:\/\/www.puntociegoeditorial.com\/web\/wp-json\/wp\/v2\/users\/2"}],"replies":[{"embeddable":true,"href":"https:\/\/www.puntociegoeditorial.com\/web\/wp-json\/wp\/v2\/comments?post=22601"}],"version-history":[{"count":1,"href":"https:\/\/www.puntociegoeditorial.com\/web\/wp-json\/wp\/v2\/posts\/22601\/revisions"}],"predecessor-version":[{"id":22603,"href":"https:\/\/www.puntociegoeditorial.com\/web\/wp-json\/wp\/v2\/posts\/22601\/revisions\/22603"}],"wp:featuredmedia":[{"embeddable":true,"href":"https:\/\/www.puntociegoeditorial.com\/web\/wp-json\/wp\/v2\/media\/22602"}],"wp:attachment":[{"href":"https:\/\/www.puntociegoeditorial.com\/web\/wp-json\/wp\/v2\/media?parent=22601"}],"wp:term":[{"taxonomy":"category","embeddable":true,"href":"https:\/\/www.puntociegoeditorial.com\/web\/wp-json\/wp\/v2\/categories?post=22601"},{"taxonomy":"post_tag","embeddable":true,"href":"https:\/\/www.puntociegoeditorial.com\/web\/wp-json\/wp\/v2\/tags?post=22601"}],"curies":[{"name":"wp","href":"https:\/\/api.w.org\/{rel}","templated":true}]}}