{"id":22607,"date":"2022-10-25T17:49:05","date_gmt":"2022-10-25T23:49:05","guid":{"rendered":"http:\/\/puntociegoeditorial.com\/web\/?p=22607"},"modified":"2022-10-25T17:49:05","modified_gmt":"2022-10-25T23:49:05","slug":"atienden-solicitud-ciudadana-para-el-acondicionamiento-del-parque-en-montebello","status":"publish","type":"post","link":"https:\/\/www.puntociegoeditorial.com\/web\/2022\/10\/25\/atienden-solicitud-ciudadana-para-el-acondicionamiento-del-parque-en-montebello\/","title":{"rendered":"Atienden solicitud ciudadana para el acondicionamiento del Parque en Montebello"},"content":{"rendered":"\n<p>Culiac\u00e1n, Sin., a 25 de octubre de 2022.- La atenci\u00f3n a los servicios p\u00fablicos del municipio se brinda de forma constante e inmediata en todos los sectores y en respuesta a solicitudes ciudadanas este martes se emprendieron acciones de limpieza general, deshierbe de maleza y poda de \u00e1rboles en el parque situado en el fraccionamiento Montebello.<\/p>\n\n\n\n<p>Desde temprana hora una cuadrilla del personal asignado a Parques y Jardines inici\u00f3 con las tareas del acontecimiento del espacio con el apoyo de herramientas y equipo especializado.<\/p>\n\n\n\n<p>En este lugar, la Direcci\u00f3n General de Servicios P\u00fablicos a trav\u00e9s de la estrategia implementada busca generar que los parques de la ciudad se encuentren en \u00f3ptimas condiciones para el esparcimiento y reuni\u00f3n de las familias culiacanenses.<\/p>\n\n\n\n<p>Luego de la jornada desarrollada en el parque localizado sobre las calles Monte Urales, Carpato y C\u00e1ucaso, se mejor\u00f3 considerablemente el \u00e1rea verde, adem\u00e1s de la intervenci\u00f3n de la Direcci\u00f3n de Alumbrado P\u00fablico en tareas de mantenimiento de luminarias.<\/p>\n","protected":false},"excerpt":{"rendered":"<p>Culiac\u00e1n, Sin., a 25 de octubre de 2022.- La atenci\u00f3n a los servicios p\u00fablicos del municipio se brinda de forma constante e inmediata en todos los sectores y en respuesta a solicitudes ciudadanas este martes se emprendieron acciones de limpieza general, deshierbe de maleza y poda de \u00e1rboles en el parque situado en el fraccionamiento [&hellip;]<\/p>\n","protected":false},"author":2,"featured_media":22608,"comment_status":"open","ping_status":"open","sticky":false,"template":"","format":"standard","meta":{"_mi_skip_tracking":false,"footnotes":""},"categories":[12],"tags":[],"class_list":["post-22607","post","type-post","status-publish","format-standard","has-post-thumbnail","hentry","category-ciudad"],"_links":{"self":[{"href":"https:\/\/www.puntociegoeditorial.com\/web\/wp-json\/wp\/v2\/posts\/22607","targetHints":{"allow":["GET"]}}],"collection":[{"href":"https:\/\/www.puntociegoeditorial.com\/web\/wp-json\/wp\/v2\/posts"}],"about":[{"href":"https:\/\/www.puntociegoeditorial.com\/web\/wp-json\/wp\/v2\/types\/post"}],"author":[{"embeddable":true,"href":"https:\/\/www.puntociegoeditorial.com\/web\/wp-json\/wp\/v2\/users\/2"}],"replies":[{"embeddable":true,"href":"https:\/\/www.puntociegoeditorial.com\/web\/wp-json\/wp\/v2\/comments?post=22607"}],"version-history":[{"count":1,"href":"https:\/\/www.puntociegoeditorial.com\/web\/wp-json\/wp\/v2\/posts\/22607\/revisions"}],"predecessor-version":[{"id":22609,"href":"https:\/\/www.puntociegoeditorial.com\/web\/wp-json\/wp\/v2\/posts\/22607\/revisions\/22609"}],"wp:featuredmedia":[{"embeddable":true,"href":"https:\/\/www.puntociegoeditorial.com\/web\/wp-json\/wp\/v2\/media\/22608"}],"wp:attachment":[{"href":"https:\/\/www.puntociegoeditorial.com\/web\/wp-json\/wp\/v2\/media?parent=22607"}],"wp:term":[{"taxonomy":"category","embeddable":true,"href":"https:\/\/www.puntociegoeditorial.com\/web\/wp-json\/wp\/v2\/categories?post=22607"},{"taxonomy":"post_tag","embeddable":true,"href":"https:\/\/www.puntociegoeditorial.com\/web\/wp-json\/wp\/v2\/tags?post=22607"}],"curies":[{"name":"wp","href":"https:\/\/api.w.org\/{rel}","templated":true}]}}