{"id":22626,"date":"2022-10-26T11:13:27","date_gmt":"2022-10-26T17:13:27","guid":{"rendered":"http:\/\/puntociegoeditorial.com\/web\/?p=22626"},"modified":"2022-10-26T11:13:27","modified_gmt":"2022-10-26T17:13:27","slug":"convoca-rocha-moya-a-que-sep-y-organismos-educativos-nacionales-trabajen-de-manera-conjunta","status":"publish","type":"post","link":"https:\/\/www.puntociegoeditorial.com\/web\/2022\/10\/26\/convoca-rocha-moya-a-que-sep-y-organismos-educativos-nacionales-trabajen-de-manera-conjunta\/","title":{"rendered":"Convoca Rocha Moya a que SEP y organismos educativos nacionales trabajen de manera conjunta"},"content":{"rendered":"\n<p>El mandatario estatal reconoce la importancia de la colaboraci\u00f3n y asesor\u00eda con la Mejoredu.<\/p>\n\n\n\n<p>Ciudad de M\u00e9xico.- En sinton\u00eda con las pol\u00edticas federales de desarrollo y fortalecimiento del sistema educativo nacional, el Gobernador Rub\u00e9n Rocha Moya particip\u00f3 como comentarista en el ciclo de conversatorios \u00abPor una educaci\u00f3n con justicia social\u00bb, organizado por la Comisi\u00f3n Nacional para la Mejora Continua de la Educaci\u00f3n (Mejoredu), en el marco del tercer aniversario de su creaci\u00f3n, que cont\u00f3 con la presencia de Luc\u00eda Aim\u00e9 Castillo Pastor, Secretaria de Educaci\u00f3n de Tamaulipas, Homero Meneses Hern\u00e1ndez, Secretario de Educaci\u00f3n P\u00fablica de Tlaxcala y Gerardo Arturo Sol\u00eds Benavides, Secretario de Educaci\u00f3n de Baja California, quienes expusieron su punto de vista sobre el tema \u201cMejoredu y la vinculaci\u00f3n con autoridades educativas estatales en el marco del Sistema Nacional para la Mejora Continua de la Educaci\u00f3n\u201d.<\/p>\n\n\n\n<p>Moderado por Silvia Valle T\u00e9patl, Comisionada Presidenta de la Junta Directiva de Mejoredu, el conversatorio permiti\u00f3 dibujar un panorama de c\u00f3mo la aplicaci\u00f3n de los productos educativos ha generado mejoras significativas en cada estado y tambi\u00e9n, para detectar \u00e1reas de oportunidad.<\/p>\n\n\n\n<p>Rocha Moya consider\u00f3 que para aprovechar a profundidad el trabajo que realiza la Comisi\u00f3n, esta debe vincularse con los estados y municipios para auxiliarlos a trav\u00e9s de una participaci\u00f3n conjunta para la elaboraci\u00f3n de planes y programas de estudio, en el contexto de una adecuada distribuci\u00f3n de funciones, que se refleje en una mejor calidad educativa, enfatizando la importancia de que adem\u00e1s exista concurrencia legislativa a nivel nacional con el objetivo de uniformar el sistema nacional de educaci\u00f3n.<\/p>\n\n\n\n<p>\u00abUna cosa que me queda a mi pendiente es si realmente Mejoredu ha participado en la elaboraci\u00f3n de los nuevos planes y programas de estudio. Si no ha participado en ellos, entonces Mejoredu tiene un vac\u00edo, que tendr\u00eda que llenar. Este es un tema central, por eso incluso, yo tengo cierta idea de que no se ha trabajado, no ha aprovechado la Secretar\u00eda de Educaci\u00f3n P\u00fablica, no ha aprovechado a Mejoredu como deber\u00eda haberla aprovechado, a pesar de que ellos y nosotros, todos, fuimos los constructores de la reforma. Por supuesto, el Presidente que es el que mand\u00f3 la idea fundamental, construir una educaci\u00f3n sobre todo humanista, pero tambi\u00e9n una educaci\u00f3n cient\u00edfica, una educaci\u00f3n t\u00e9cnicamente capaz\u00bb, expres\u00f3 el Gobernador.<\/p>\n\n\n\n<p>Entre las intervenciones, destac\u00f3 la Secretaria de Educaci\u00f3n de Tamaulipas, quien coincidi\u00f3 en que Mejoredu debe implementar a nivel nacional, en cada una de las entidades federativas, el Sistema de Formaci\u00f3n Continua y Desarrollo Profesional Docente, que conciba a la formaci\u00f3n como un proceso de larga duraci\u00f3n, lo cual implica un trabajo coordinado con los estados.<\/p>\n\n\n\n<p>Al finalizar el acto, Florentino Castro L\u00f3pez, Comisionado de la Junta Directiva de Mejoredu, hizo entrega al Gobernador Rocha Moya de un reconocimiento por su participaci\u00f3n en el conversatorio.<\/p>\n","protected":false},"excerpt":{"rendered":"<p>El mandatario estatal reconoce la importancia de la colaboraci\u00f3n y asesor\u00eda con la Mejoredu. Ciudad de M\u00e9xico.- En sinton\u00eda con las pol\u00edticas federales de desarrollo y fortalecimiento del sistema educativo nacional, el Gobernador Rub\u00e9n Rocha Moya particip\u00f3 como comentarista en el ciclo de conversatorios \u00abPor una educaci\u00f3n con justicia social\u00bb, organizado por la Comisi\u00f3n Nacional [&hellip;]<\/p>\n","protected":false},"author":2,"featured_media":22627,"comment_status":"open","ping_status":"open","sticky":false,"template":"","format":"standard","meta":{"_mi_skip_tracking":false,"footnotes":""},"categories":[13],"tags":[188],"class_list":["post-22626","post","type-post","status-publish","format-standard","has-post-thumbnail","hentry","category-sinaloa","tag-sep"],"_links":{"self":[{"href":"https:\/\/www.puntociegoeditorial.com\/web\/wp-json\/wp\/v2\/posts\/22626","targetHints":{"allow":["GET"]}}],"collection":[{"href":"https:\/\/www.puntociegoeditorial.com\/web\/wp-json\/wp\/v2\/posts"}],"about":[{"href":"https:\/\/www.puntociegoeditorial.com\/web\/wp-json\/wp\/v2\/types\/post"}],"author":[{"embeddable":true,"href":"https:\/\/www.puntociegoeditorial.com\/web\/wp-json\/wp\/v2\/users\/2"}],"replies":[{"embeddable":true,"href":"https:\/\/www.puntociegoeditorial.com\/web\/wp-json\/wp\/v2\/comments?post=22626"}],"version-history":[{"count":1,"href":"https:\/\/www.puntociegoeditorial.com\/web\/wp-json\/wp\/v2\/posts\/22626\/revisions"}],"predecessor-version":[{"id":22628,"href":"https:\/\/www.puntociegoeditorial.com\/web\/wp-json\/wp\/v2\/posts\/22626\/revisions\/22628"}],"wp:featuredmedia":[{"embeddable":true,"href":"https:\/\/www.puntociegoeditorial.com\/web\/wp-json\/wp\/v2\/media\/22627"}],"wp:attachment":[{"href":"https:\/\/www.puntociegoeditorial.com\/web\/wp-json\/wp\/v2\/media?parent=22626"}],"wp:term":[{"taxonomy":"category","embeddable":true,"href":"https:\/\/www.puntociegoeditorial.com\/web\/wp-json\/wp\/v2\/categories?post=22626"},{"taxonomy":"post_tag","embeddable":true,"href":"https:\/\/www.puntociegoeditorial.com\/web\/wp-json\/wp\/v2\/tags?post=22626"}],"curies":[{"name":"wp","href":"https:\/\/api.w.org\/{rel}","templated":true}]}}