{"id":22629,"date":"2022-10-26T11:14:09","date_gmt":"2022-10-26T17:14:09","guid":{"rendered":"http:\/\/puntociegoeditorial.com\/web\/?p=22629"},"modified":"2022-10-26T11:14:09","modified_gmt":"2022-10-26T17:14:09","slug":"activa-imdec-a-personal-de-la-novena-zona-militar","status":"publish","type":"post","link":"https:\/\/www.puntociegoeditorial.com\/web\/2022\/10\/26\/activa-imdec-a-personal-de-la-novena-zona-militar\/","title":{"rendered":"&#8216;Activa&#8217; IMDEC a personal de la Novena Zona Militar"},"content":{"rendered":"\n<p>Participaron elementos del Ej\u00e9rcito Mexicano, Guardia Nacional y Armada<\/p>\n\n\n\n<p>Culiac\u00e1n, Sinaloa.- Cumpliendo con nuestro programas, el Instituto Municipal del Deporte y la Cultura F\u00edsica, llev\u00f3 su equipo de Activaci\u00f3n F\u00edsica a la Novena Zona Militar, en donde participaron elementos del Ej\u00e9rcito Mexicano, Guardia Nacional y Armada.<\/p>\n\n\n\n<p>El director general del IMDEC, Jos\u00e9 Alberto Beltr\u00e1n Figueroa, encabez\u00f3 esta activaci\u00f3n junto con el Capit\u00e1n Primero de Infanter\u00eda, Adonis Mayo Garc\u00eda.<\/p>\n\n\n\n<p>En este evento masivo tuvo la asistencia de m\u00e1s de 100 personas, entre ellos del Ej\u00e9rcito Mexicano, Guardia Nacional y de la Armada, as\u00ed como instructoras de algunas colonias de la ciudad.<\/p>\n\n\n\n<p>La activaci\u00f3n f\u00edsica estuvo a cargo de LEA, Ricardo Castillo, instructor y capacitador fitness avalado y certificado por la AFAA.<\/p>\n\n\n\n<p>Con esto, el IMDEC refrenda su compromiso con aquellas instituciones que buscan promocionar el deporte y la activaci\u00f3n f\u00edsica.<\/p>\n","protected":false},"excerpt":{"rendered":"<p>Participaron elementos del Ej\u00e9rcito Mexicano, Guardia Nacional y Armada Culiac\u00e1n, Sinaloa.- Cumpliendo con nuestro programas, el Instituto Municipal del Deporte y la Cultura F\u00edsica, llev\u00f3 su equipo de Activaci\u00f3n F\u00edsica a la Novena Zona Militar, en donde participaron elementos del Ej\u00e9rcito Mexicano, Guardia Nacional y Armada. El director general del IMDEC, Jos\u00e9 Alberto Beltr\u00e1n Figueroa, [&hellip;]<\/p>\n","protected":false},"author":2,"featured_media":22630,"comment_status":"open","ping_status":"open","sticky":false,"template":"","format":"standard","meta":{"_mi_skip_tracking":false,"footnotes":""},"categories":[16],"tags":[503],"class_list":["post-22629","post","type-post","status-publish","format-standard","has-post-thumbnail","hentry","category-accion","tag-imdec"],"_links":{"self":[{"href":"https:\/\/www.puntociegoeditorial.com\/web\/wp-json\/wp\/v2\/posts\/22629","targetHints":{"allow":["GET"]}}],"collection":[{"href":"https:\/\/www.puntociegoeditorial.com\/web\/wp-json\/wp\/v2\/posts"}],"about":[{"href":"https:\/\/www.puntociegoeditorial.com\/web\/wp-json\/wp\/v2\/types\/post"}],"author":[{"embeddable":true,"href":"https:\/\/www.puntociegoeditorial.com\/web\/wp-json\/wp\/v2\/users\/2"}],"replies":[{"embeddable":true,"href":"https:\/\/www.puntociegoeditorial.com\/web\/wp-json\/wp\/v2\/comments?post=22629"}],"version-history":[{"count":1,"href":"https:\/\/www.puntociegoeditorial.com\/web\/wp-json\/wp\/v2\/posts\/22629\/revisions"}],"predecessor-version":[{"id":22631,"href":"https:\/\/www.puntociegoeditorial.com\/web\/wp-json\/wp\/v2\/posts\/22629\/revisions\/22631"}],"wp:featuredmedia":[{"embeddable":true,"href":"https:\/\/www.puntociegoeditorial.com\/web\/wp-json\/wp\/v2\/media\/22630"}],"wp:attachment":[{"href":"https:\/\/www.puntociegoeditorial.com\/web\/wp-json\/wp\/v2\/media?parent=22629"}],"wp:term":[{"taxonomy":"category","embeddable":true,"href":"https:\/\/www.puntociegoeditorial.com\/web\/wp-json\/wp\/v2\/categories?post=22629"},{"taxonomy":"post_tag","embeddable":true,"href":"https:\/\/www.puntociegoeditorial.com\/web\/wp-json\/wp\/v2\/tags?post=22629"}],"curies":[{"name":"wp","href":"https:\/\/api.w.org\/{rel}","templated":true}]}}