{"id":22634,"date":"2022-10-26T16:45:30","date_gmt":"2022-10-26T22:45:30","guid":{"rendered":"http:\/\/puntociegoeditorial.com\/web\/?p=22634"},"modified":"2022-10-26T16:45:30","modified_gmt":"2022-10-26T22:45:30","slug":"los-nuevos-rebeldes-celebran-hoy-su-26-aniversario","status":"publish","type":"post","link":"https:\/\/www.puntociegoeditorial.com\/web\/2022\/10\/26\/los-nuevos-rebeldes-celebran-hoy-su-26-aniversario\/","title":{"rendered":"Los Nuevos Rebeldes celebran hoy su 26 Aniversario"},"content":{"rendered":"\n<p>Culiac\u00e1n, Sinaloa, a 26 de Octubre de 2022.- Con una reconocida y exitosa carrera art\u00edstica, Los Nuevos Rebeldes celebran hoy 26 de Octubre su 26 Aniversario musical, siendo uno de los grupos m\u00e1s sobresalientes dentro del g\u00e9nero regional mexicano.<\/p>\n\n\n\n<p>Los Nuevos Rebeldes es una agrupaci\u00f3n de m\u00fasica norte\u00f1a que durante a\u00f1os ha logrado permanecer en el gusto de hombres y mujeres de Sinaloa y todo M\u00e9xico, as\u00ed como seguidores en el extranjero.<\/p>\n\n\n\n<p>Este d\u00e9cimo mes del a\u00f1o lo arrancaron con todas las ganas de seguir entreteniendo a su p\u00fablico seguidor, que tantas satisfacciones y \u00e9xitos les han dado desde los inicios de su carrera musical.<\/p>\n\n\n\n<p>Historia:<br>Los Nuevos Rebeldes fue fundado en Culiac\u00e1n por Eduardo N\u00e1jera, un inquieto y talentoso m\u00fasico originario de la capital sinaloense. El grupo debe su nombre, por un lado, a un familiar que perteneci\u00f3 a Los Rebeldes del Norte y, por el otro, al original sonido que desde su inicio ha tenido, y que los ha llevado a ganar m\u00faltiples discos de oro y platino por sus altas ventas en M\u00e9xico y la Uni\u00f3n Americana.<\/p>\n\n\n\n<p>El grupo musical est\u00e1 conformado por: Eduardo N\u00e1jera (fundador y baterista); Javier Inzunza (Acorde\u00f3n); Jes\u00fas Manuel Osorio Medina (voz y bajo sexto); Isaac Nevarez (voz y bajo); Ad\u00e1n Rodr\u00edguez (voz y bajo sexto).<\/p>\n\n\n\n<p>Pr\u00f3ximas presentaciones:<br>Los Nuevos Rebeldes actualmente se encuentran de gira por la Uni\u00f3n Americana, titulada \u201cCambio y Fuera Tour\u201d. El grupo se ha presentado en grandes escenarios y contin\u00faan con mucha fuerza.<\/p>\n\n\n\n<p>\u2022 S\u00e1bado 29 de Octubre en el Rodeo de Anaheim, Estados Unidos.<br>\u2022 Jueves 17 de noviembre en el Palenque en Culiac\u00e1n Sinaloa, acompa\u00f1ado de Roberto Tapia.<br>\u2022 Viernes 18 de noviembre en Los \u00c1ngeles, California, Estados Unidos.<\/p>\n","protected":false},"excerpt":{"rendered":"<p>Culiac\u00e1n, Sinaloa, a 26 de Octubre de 2022.- Con una reconocida y exitosa carrera art\u00edstica, Los Nuevos Rebeldes celebran hoy 26 de Octubre su 26 Aniversario musical, siendo uno de los grupos m\u00e1s sobresalientes dentro del g\u00e9nero regional mexicano. Los Nuevos Rebeldes es una agrupaci\u00f3n de m\u00fasica norte\u00f1a que durante a\u00f1os ha logrado permanecer en [&hellip;]<\/p>\n","protected":false},"author":2,"featured_media":22635,"comment_status":"open","ping_status":"open","sticky":false,"template":"","format":"standard","meta":{"_mi_skip_tracking":false,"footnotes":""},"categories":[17],"tags":[],"class_list":["post-22634","post","type-post","status-publish","format-standard","has-post-thumbnail","hentry","category-cultura-y-ciencia"],"_links":{"self":[{"href":"https:\/\/www.puntociegoeditorial.com\/web\/wp-json\/wp\/v2\/posts\/22634","targetHints":{"allow":["GET"]}}],"collection":[{"href":"https:\/\/www.puntociegoeditorial.com\/web\/wp-json\/wp\/v2\/posts"}],"about":[{"href":"https:\/\/www.puntociegoeditorial.com\/web\/wp-json\/wp\/v2\/types\/post"}],"author":[{"embeddable":true,"href":"https:\/\/www.puntociegoeditorial.com\/web\/wp-json\/wp\/v2\/users\/2"}],"replies":[{"embeddable":true,"href":"https:\/\/www.puntociegoeditorial.com\/web\/wp-json\/wp\/v2\/comments?post=22634"}],"version-history":[{"count":1,"href":"https:\/\/www.puntociegoeditorial.com\/web\/wp-json\/wp\/v2\/posts\/22634\/revisions"}],"predecessor-version":[{"id":22636,"href":"https:\/\/www.puntociegoeditorial.com\/web\/wp-json\/wp\/v2\/posts\/22634\/revisions\/22636"}],"wp:featuredmedia":[{"embeddable":true,"href":"https:\/\/www.puntociegoeditorial.com\/web\/wp-json\/wp\/v2\/media\/22635"}],"wp:attachment":[{"href":"https:\/\/www.puntociegoeditorial.com\/web\/wp-json\/wp\/v2\/media?parent=22634"}],"wp:term":[{"taxonomy":"category","embeddable":true,"href":"https:\/\/www.puntociegoeditorial.com\/web\/wp-json\/wp\/v2\/categories?post=22634"},{"taxonomy":"post_tag","embeddable":true,"href":"https:\/\/www.puntociegoeditorial.com\/web\/wp-json\/wp\/v2\/tags?post=22634"}],"curies":[{"name":"wp","href":"https:\/\/api.w.org\/{rel}","templated":true}]}}