{"id":22637,"date":"2022-10-26T16:46:30","date_gmt":"2022-10-26T22:46:30","guid":{"rendered":"http:\/\/puntociegoeditorial.com\/web\/?p=22637"},"modified":"2022-10-26T16:46:30","modified_gmt":"2022-10-26T22:46:30","slug":"el-director-de-la-enees-detallo-que-esta-maestria-se-impartira-en-las-ciudades-de-culiacan-los-mochis-y-mazatlan","status":"publish","type":"post","link":"https:\/\/www.puntociegoeditorial.com\/web\/2022\/10\/26\/el-director-de-la-enees-detallo-que-esta-maestria-se-impartira-en-las-ciudades-de-culiacan-los-mochis-y-mazatlan\/","title":{"rendered":"El director de la ENEES detall\u00f3 que esta maestr\u00eda se impartir\u00e1 en las ciudades de Culiac\u00e1n, Los Mochis y Mazatl\u00e1n."},"content":{"rendered":"\n<p>Culiac\u00e1n, Sinaloa, 26 de octubre del 2022.- La Escuela Normal de Especializaci\u00f3n del Estado de Sinaloa ha extendido su plazo de preinscripciones para la Maestr\u00eda en Educaci\u00f3n Especial una semana m\u00e1s, esto con el fin de que los interesados tengan mayor tiempo de registro, por lo que ya no ser\u00e1 el d\u00eda 28 de octubre la fecha l\u00edmite, sino hasta el 04 de noviembre.<\/p>\n\n\n\n<p>El director General de la Escuela Normal de Especializaci\u00f3n del Estado de Sinaloa, Cristian Mariano Mendoza Gaxiola inform\u00f3 que esta Maestr\u00eda estar\u00e1 disponible en Culiac\u00e1n, Los Mochis y Mazatl\u00e1n, explic\u00f3 que por normatividad s\u00f3lo habr\u00e1 matr\u00edcula para 25 personas con perfiles de personal de educaci\u00f3n.<\/p>\n\n\n\n<p>\u201cAhorita por normatividad, estamos en un m\u00e1ximo de 25 en cada sede, es el n\u00famero m\u00e1ximo que podemos llegar por la normatividad. En este proceso para que puedan ingresar se hace una selecci\u00f3n, la cual tiene un costo de 500 pesos, a los interesados dejan toda su informaci\u00f3n a la p\u00e1gina que les acabo de comentar, despu\u00e9s de ese proceso, ellos entregan una documentaci\u00f3n que est\u00e1 en la convocatoria y posteriormente pagan un proceso de inscripci\u00f3n y un curso proped\u00e9utico para empezar las clases de la maestr\u00eda\u201d, dijo.<\/p>\n\n\n\n<p>Mencion\u00f3 que esta convocatoria sali\u00f3 el 10 de octubre y terminar\u00eda el 28 del mismo mes, sin embargo, decidieron extender este l\u00edmite para que los interesados puedan ingresar a la maestr\u00eda, por lo que convoc\u00f3 a docentes, directores y funcionarios de los niveles de educaci\u00f3n b\u00e1sica, media superior y superior, as\u00ed como profesionales vinculados al sector educativo a cursar la Maestr\u00eda en Educaci\u00f3n Inclusiva.<\/p>\n\n\n\n<p>\u201cLa convocatoria sali\u00f3 el d\u00eda 10 de octubre, termina este viernes 28 de octubre, vamos a extender otra semana m\u00e1s para que los interesados puedan ingresar a nuestra plataforma que es http:\/\/www.enees.edu.mx\/, ah\u00ed est\u00e1 toda la informaci\u00f3n de la maestr\u00eda\u2026 Anteriormente varios egresaron de esta maestr\u00eda, es una muy interesante, que van a adquirir conocimientos en educaci\u00f3n especial, inclusiva y a la diversidad. Hay tres l\u00edneas de formaci\u00f3n que es psicopedag\u00f3gica, socioeducativa e investigaci\u00f3n\u201d, aclar\u00f3.<\/p>\n\n\n\n<p>Por su parte Karin Yovana Quijada Lovat\u00f3n, subdirectora de Investigaci\u00f3n y Posgrado de la ENEES, mencion\u00f3 que esta maestr\u00eda contiene tres l\u00edneas formativas, las cuales son la psicopedag\u00f3gica, socioeducativa y de investigaci\u00f3n.<\/p>\n\n\n\n<p>\u201cLa maestr\u00eda en Educaci\u00f3n Inclusiva ha pasado por un proceso de actualizaci\u00f3n en respuesta a los nuevos requerimientos de la nueva escuela mexicana y el nuevo marco curricular, principalmente enfocado en un enfoque intercultural desde la justicia curricular, tomando en cuenta estos nuevos elementos, hemos planteado tres l\u00edneas formativas la psicopedag\u00f3gica, socioeducativa y de investigaci\u00f3n\u201d, indic\u00f3.<\/p>\n\n\n\n<p>Detall\u00f3 que las clases se realizar\u00e1n los s\u00e1bados a partir de las 9 de la ma\u00f1ana hasta las dos de la tarde, con una modalidad mixta, lo que significa tener alumnos en el sal\u00f3n de clases y tambi\u00e9n aceptar la asistencia en l\u00ednea.<\/p>\n\n\n\n<p>\u201cLas clases est\u00e1n destinadas a realizarse los d\u00edas s\u00e1bados de 9 de la ma\u00f1ana a 2 de la tarde, es de modalidad mixta con la finalidad de apoyarse en la tecnolog\u00eda para la revisi\u00f3n de documentos, el ejercicio de actividades complementarias de lunes a viernes, si bien se encuentran destinadas clases presenciales, tambi\u00e9n existe la estrategia de clases en l\u00ednea que presentan discapacidad o problemas de salud que por alg\u00fan motivo se les haga complicado asistir de manera presencial\u201d, explic\u00f3.<\/p>\n","protected":false},"excerpt":{"rendered":"<p>Culiac\u00e1n, Sinaloa, 26 de octubre del 2022.- La Escuela Normal de Especializaci\u00f3n del Estado de Sinaloa ha extendido su plazo de preinscripciones para la Maestr\u00eda en Educaci\u00f3n Especial una semana m\u00e1s, esto con el fin de que los interesados tengan mayor tiempo de registro, por lo que ya no ser\u00e1 el d\u00eda 28 de octubre [&hellip;]<\/p>\n","protected":false},"author":2,"featured_media":22638,"comment_status":"open","ping_status":"open","sticky":false,"template":"","format":"standard","meta":{"_mi_skip_tracking":false,"footnotes":""},"categories":[13],"tags":[1553],"class_list":["post-22637","post","type-post","status-publish","format-standard","has-post-thumbnail","hentry","category-sinaloa","tag-enees"],"_links":{"self":[{"href":"https:\/\/www.puntociegoeditorial.com\/web\/wp-json\/wp\/v2\/posts\/22637","targetHints":{"allow":["GET"]}}],"collection":[{"href":"https:\/\/www.puntociegoeditorial.com\/web\/wp-json\/wp\/v2\/posts"}],"about":[{"href":"https:\/\/www.puntociegoeditorial.com\/web\/wp-json\/wp\/v2\/types\/post"}],"author":[{"embeddable":true,"href":"https:\/\/www.puntociegoeditorial.com\/web\/wp-json\/wp\/v2\/users\/2"}],"replies":[{"embeddable":true,"href":"https:\/\/www.puntociegoeditorial.com\/web\/wp-json\/wp\/v2\/comments?post=22637"}],"version-history":[{"count":1,"href":"https:\/\/www.puntociegoeditorial.com\/web\/wp-json\/wp\/v2\/posts\/22637\/revisions"}],"predecessor-version":[{"id":22639,"href":"https:\/\/www.puntociegoeditorial.com\/web\/wp-json\/wp\/v2\/posts\/22637\/revisions\/22639"}],"wp:featuredmedia":[{"embeddable":true,"href":"https:\/\/www.puntociegoeditorial.com\/web\/wp-json\/wp\/v2\/media\/22638"}],"wp:attachment":[{"href":"https:\/\/www.puntociegoeditorial.com\/web\/wp-json\/wp\/v2\/media?parent=22637"}],"wp:term":[{"taxonomy":"category","embeddable":true,"href":"https:\/\/www.puntociegoeditorial.com\/web\/wp-json\/wp\/v2\/categories?post=22637"},{"taxonomy":"post_tag","embeddable":true,"href":"https:\/\/www.puntociegoeditorial.com\/web\/wp-json\/wp\/v2\/tags?post=22637"}],"curies":[{"name":"wp","href":"https:\/\/api.w.org\/{rel}","templated":true}]}}