{"id":22643,"date":"2022-10-26T16:48:24","date_gmt":"2022-10-26T22:48:24","guid":{"rendered":"http:\/\/puntociegoeditorial.com\/web\/?p=22643"},"modified":"2022-10-26T16:48:24","modified_gmt":"2022-10-26T22:48:24","slug":"juan-de-dios-gamez-entrega-su-primer-informe-de-gobierno-al-cabildo-de-culiacan","status":"publish","type":"post","link":"https:\/\/www.puntociegoeditorial.com\/web\/2022\/10\/26\/juan-de-dios-gamez-entrega-su-primer-informe-de-gobierno-al-cabildo-de-culiacan\/","title":{"rendered":"Juan de Dios G\u00e1mez entrega su Primer Informe de Gobierno al Cabildo de Culiac\u00e1n"},"content":{"rendered":"\n<p>Culiac\u00e1n, Sin., a 26 de octubre del 2022.- En Sesi\u00f3n Ordinaria de Cabildo, el alcalde Juan de Dios G\u00e1mez Mend\u00edvil hizo entrega por escrito del Primer Informe Anual del estado que guarda la administraci\u00f3n p\u00fablica municipal, ante el pleno de regidoras, regidores y S\u00edndica Procuradora, en atenci\u00f3n al cumplimiento constitucional de transparencia y rendici\u00f3n de cuentas ante la sociedad.<br>El presidente municipal destac\u00f3 que en dicho documento se plasman los logros y avances obtenidos hasta la fecha, a trav\u00e9s del esfuerzo, compromiso y la disposici\u00f3n de los servidores p\u00fablicos que conforman el Ayuntamiento de Culiac\u00e1n, quienes han dedicado su capacidad y talento bajo un mismo objetivo, mejorar el bienestar del pueblo.<br>A pesar de los cambios vividos al interior del gobierno municipal, Juan de Dios G\u00e1mez resalt\u00f3 que se han logrado obtener resultados positivos \u201ccomo Ayuntamiento, y estoy convencido que para los pr\u00f3ximos dos a\u00f1os podemos mejorar estos indicadores\u201d.<br>Detall\u00f3 que en cada uno de los ejes se ha avanzado positivamente con base al Plan Municipal de Desarrollo, resaltando particularmente en este a\u00f1o el inicio de m\u00e1s de 600 obras con sentido social, as\u00ed como tambi\u00e9n la recuperaci\u00f3n econ\u00f3mica y la importante inversi\u00f3n que se ha aplicado en el fortalecimiento de los servicios p\u00fablicos.<br>\u201cEstamos trabajando arduamente para reducir el rezago social en las colonias y comunidades de nuestra capital, hemos venido equipando a las polic\u00edas municipales, tambi\u00e9n la atenci\u00f3n a los compromisos con el sindicato, entre otros puntos m\u00e1s\u201d, indic\u00f3.<br>Asimismo, agradeci\u00f3 a todo el equipo de Cabildo todo su apoyo e impulso para hacer que las cosas sucedan.<br>Finalmente, dio a conocer que la presentaci\u00f3n oficial del documento ante el p\u00fablico en general, ser\u00e1 el pr\u00f3ximo 29 de noviembre a las 18:00 horas, en el patio central del Palacio Municipal.<br>En el desarrollo del Orden del D\u00eda se aprobaron los dict\u00e1menes correspondientes a la Comisi\u00f3n de Urbanismo, Ecolog\u00eda y Obras P\u00fablicas, con relaci\u00f3n a la recepci\u00f3n de las etapas 6, 7, 8 y 9 del fraccionamiento Valle Alto III.<br>Asimismo, se autoriz\u00f3 el dictamen de la Comisi\u00f3n de Hacienda, relativo a Iniciativa de Decreto que establece los Valores Unitarios de Suelo y Construcci\u00f3n del Municipio de Culiac\u00e1n para el ejercicio fiscal 2023<\/p>\n","protected":false},"excerpt":{"rendered":"<p>Culiac\u00e1n, Sin., a 26 de octubre del 2022.- En Sesi\u00f3n Ordinaria de Cabildo, el alcalde Juan de Dios G\u00e1mez Mend\u00edvil hizo entrega por escrito del Primer Informe Anual del estado que guarda la administraci\u00f3n p\u00fablica municipal, ante el pleno de regidoras, regidores y S\u00edndica Procuradora, en atenci\u00f3n al cumplimiento constitucional de transparencia y rendici\u00f3n de [&hellip;]<\/p>\n","protected":false},"author":2,"featured_media":22644,"comment_status":"open","ping_status":"open","sticky":false,"template":"","format":"standard","meta":{"_mi_skip_tracking":false,"footnotes":""},"categories":[12],"tags":[697,1987],"class_list":["post-22643","post","type-post","status-publish","format-standard","has-post-thumbnail","hentry","category-ciudad","tag-ayuntamiento-de-culiacan","tag-juan-de-dios-gamez-mendivil"],"_links":{"self":[{"href":"https:\/\/www.puntociegoeditorial.com\/web\/wp-json\/wp\/v2\/posts\/22643","targetHints":{"allow":["GET"]}}],"collection":[{"href":"https:\/\/www.puntociegoeditorial.com\/web\/wp-json\/wp\/v2\/posts"}],"about":[{"href":"https:\/\/www.puntociegoeditorial.com\/web\/wp-json\/wp\/v2\/types\/post"}],"author":[{"embeddable":true,"href":"https:\/\/www.puntociegoeditorial.com\/web\/wp-json\/wp\/v2\/users\/2"}],"replies":[{"embeddable":true,"href":"https:\/\/www.puntociegoeditorial.com\/web\/wp-json\/wp\/v2\/comments?post=22643"}],"version-history":[{"count":1,"href":"https:\/\/www.puntociegoeditorial.com\/web\/wp-json\/wp\/v2\/posts\/22643\/revisions"}],"predecessor-version":[{"id":22645,"href":"https:\/\/www.puntociegoeditorial.com\/web\/wp-json\/wp\/v2\/posts\/22643\/revisions\/22645"}],"wp:featuredmedia":[{"embeddable":true,"href":"https:\/\/www.puntociegoeditorial.com\/web\/wp-json\/wp\/v2\/media\/22644"}],"wp:attachment":[{"href":"https:\/\/www.puntociegoeditorial.com\/web\/wp-json\/wp\/v2\/media?parent=22643"}],"wp:term":[{"taxonomy":"category","embeddable":true,"href":"https:\/\/www.puntociegoeditorial.com\/web\/wp-json\/wp\/v2\/categories?post=22643"},{"taxonomy":"post_tag","embeddable":true,"href":"https:\/\/www.puntociegoeditorial.com\/web\/wp-json\/wp\/v2\/tags?post=22643"}],"curies":[{"name":"wp","href":"https:\/\/api.w.org\/{rel}","templated":true}]}}