{"id":22646,"date":"2022-10-26T16:49:28","date_gmt":"2022-10-26T22:49:28","guid":{"rendered":"http:\/\/puntociegoeditorial.com\/web\/?p=22646"},"modified":"2022-10-26T16:49:28","modified_gmt":"2022-10-26T22:49:28","slug":"invitan-a-la-primera-edicion-sabe-fest-sabe-a-culiacan-espacio-que-fusionara-gastronomia-local-arte-y-entretenimiento","status":"publish","type":"post","link":"https:\/\/www.puntociegoeditorial.com\/web\/2022\/10\/26\/invitan-a-la-primera-edicion-sabe-fest-sabe-a-culiacan-espacio-que-fusionara-gastronomia-local-arte-y-entretenimiento\/","title":{"rendered":"Invitan a la primera edici\u00f3n \u201cSabe Fest, sabe a Culiac\u00e1n\u201d espacio que fusionar\u00e1 gastronom\u00eda local, arte y entretenimiento"},"content":{"rendered":"\n<p>Culiac\u00e1n, Sin., a 26 de octubre de 2022.- A trav\u00e9s de la fusi\u00f3n entre la gastronom\u00eda culiacanense, arte, cultura y entretenimiento, se realizar\u00e1 la primera edici\u00f3n del \u201cSabe Fest, sabe a Culiac\u00e1n\u201d, evento que reunir\u00e1 a 50 cocinas lideradas por emprendedores de la ciudad, as\u00ed como empresas locales, actividades que ser\u00e1n totalmente gratuitos para el p\u00fablico asistente.<\/p>\n\n\n\n<p>La cita ser\u00e1 este pr\u00f3ximo s\u00e1bado 5 de noviembre en un horario de 3:00 p.m. a 11:00 p.m. en las instalaciones del Parque Las Riberas, mediante la descarga de un boleto gratuito a trav\u00e9s de la p\u00e1gina digital \u2018Gu\u00eda de hoy\u2019, espacio que busca incentivar el talento Culichi en los \u00e1mbitos culinario, y la sana convivencia de las familias, inform\u00f3 Julia Mon\u00e1rrez creadora de la plataforma la Comadre.<\/p>\n\n\n\n<p>Por su parte, la titular de la Secretar\u00eda de Desarrollo Econ\u00f3mico del Municipio, Janet Faviola Tostado Noriega, destac\u00f3 que desde la Sedecom se apoya al consumo local a trav\u00e9s de los emprendedores del municipio, por ello dijo se tienen las puertas abiertas para todos aquellos que requieran el acompa\u00f1amiento para detonar el crecimiento de sus negocios.<\/p>\n\n\n\n<p>\u201cEn esta primera edici\u00f3n del \u201cSabe Fest\u201d es un evento en donde confluye el tema gastron\u00f3mico, la m\u00fasica, el arte, el talento, es decir, todo lo bueno que tiene Culiac\u00e1n. Porque tambi\u00e9n nuestro alcalde nos ha instruido mucho activar acciones como estas para ir acabando con ese clich\u00e9, ese mito que se tiene de Culiac\u00e1n, necesitamos seguir mostrando ese rostro de todo lo bueno que tiene Culiac\u00e1n\u201d, afirm\u00f3 la funcionaria municipal.<\/p>\n\n\n\n<p>Con el anuncio de este evento del giro gastron\u00f3mico, en el que participan artistas y comediantes locales, el Ayuntamiento de Culiac\u00e1n en conjunto con la Administraci\u00f3n del Parque Las Riberas, Sedecom, Canirac, Plataforma digital Comadre, reforzar\u00e1 la realizaci\u00f3n de este tipo de festivales, en los que adem\u00e1s capacitar\u00e1 a los prestadores de servicios con t\u00e9cnicas de primeros auxilios, primer respondiente por parte de la Coordinaci\u00f3n Municipal de Protecci\u00f3n Civil, todo ello para salvaguardar la integridad de los asistentes.<\/p>\n","protected":false},"excerpt":{"rendered":"<p>Culiac\u00e1n, Sin., a 26 de octubre de 2022.- A trav\u00e9s de la fusi\u00f3n entre la gastronom\u00eda culiacanense, arte, cultura y entretenimiento, se realizar\u00e1 la primera edici\u00f3n del \u201cSabe Fest, sabe a Culiac\u00e1n\u201d, evento que reunir\u00e1 a 50 cocinas lideradas por emprendedores de la ciudad, as\u00ed como empresas locales, actividades que ser\u00e1n totalmente gratuitos para el [&hellip;]<\/p>\n","protected":false},"author":2,"featured_media":22647,"comment_status":"open","ping_status":"open","sticky":false,"template":"","format":"standard","meta":{"_mi_skip_tracking":false,"footnotes":""},"categories":[12],"tags":[2565,2566],"class_list":["post-22646","post","type-post","status-publish","format-standard","has-post-thumbnail","hentry","category-ciudad","tag-sabe-fest","tag-sabe-fest-sabe-a-culiacan"],"_links":{"self":[{"href":"https:\/\/www.puntociegoeditorial.com\/web\/wp-json\/wp\/v2\/posts\/22646","targetHints":{"allow":["GET"]}}],"collection":[{"href":"https:\/\/www.puntociegoeditorial.com\/web\/wp-json\/wp\/v2\/posts"}],"about":[{"href":"https:\/\/www.puntociegoeditorial.com\/web\/wp-json\/wp\/v2\/types\/post"}],"author":[{"embeddable":true,"href":"https:\/\/www.puntociegoeditorial.com\/web\/wp-json\/wp\/v2\/users\/2"}],"replies":[{"embeddable":true,"href":"https:\/\/www.puntociegoeditorial.com\/web\/wp-json\/wp\/v2\/comments?post=22646"}],"version-history":[{"count":1,"href":"https:\/\/www.puntociegoeditorial.com\/web\/wp-json\/wp\/v2\/posts\/22646\/revisions"}],"predecessor-version":[{"id":22648,"href":"https:\/\/www.puntociegoeditorial.com\/web\/wp-json\/wp\/v2\/posts\/22646\/revisions\/22648"}],"wp:featuredmedia":[{"embeddable":true,"href":"https:\/\/www.puntociegoeditorial.com\/web\/wp-json\/wp\/v2\/media\/22647"}],"wp:attachment":[{"href":"https:\/\/www.puntociegoeditorial.com\/web\/wp-json\/wp\/v2\/media?parent=22646"}],"wp:term":[{"taxonomy":"category","embeddable":true,"href":"https:\/\/www.puntociegoeditorial.com\/web\/wp-json\/wp\/v2\/categories?post=22646"},{"taxonomy":"post_tag","embeddable":true,"href":"https:\/\/www.puntociegoeditorial.com\/web\/wp-json\/wp\/v2\/tags?post=22646"}],"curies":[{"name":"wp","href":"https:\/\/api.w.org\/{rel}","templated":true}]}}