{"id":22649,"date":"2022-10-26T16:50:13","date_gmt":"2022-10-26T22:50:13","guid":{"rendered":"http:\/\/puntociegoeditorial.com\/web\/?p=22649"},"modified":"2022-10-26T16:50:13","modified_gmt":"2022-10-26T22:50:13","slug":"realizan-reinstalacion-del-sistema-municipal-de-proteccion-integral-de-los-derechos-de-ninas-ninos-y-adolescentes-de-culiacan","status":"publish","type":"post","link":"https:\/\/www.puntociegoeditorial.com\/web\/2022\/10\/26\/realizan-reinstalacion-del-sistema-municipal-de-proteccion-integral-de-los-derechos-de-ninas-ninos-y-adolescentes-de-culiacan\/","title":{"rendered":"Realizan reinstalaci\u00f3n del Sistema Municipal de Protecci\u00f3n Integral de los Derechos de Ni\u00f1as, Ni\u00f1os y Adolescentes de Culiac\u00e1n"},"content":{"rendered":"\n<p>Culiac\u00e1n, Sin., a 26 de octubre de 2022.- Esta ma\u00f1ana se llev\u00f3 a cabo la reinstalaci\u00f3n del Sistema Municipal de Protecci\u00f3n Integral de los Derechos de Ni\u00f1as, Ni\u00f1os y Adolescentes de Culiac\u00e1n, as\u00ed como la primera sesi\u00f3n del mismo, donde se aprobaron dos puntos de acuerdo en favor de este sector de la poblaci\u00f3n.<\/p>\n\n\n\n<p>En este sentido, la secretaria ejecutiva de Sipinna Culiac\u00e1n, Elisa de F\u00e1tima Serrano Carre\u00f3n, expres\u00f3 su benepl\u00e1cito por la reinstalaci\u00f3n de dicho sistema, pues la construcci\u00f3n de un municipio con condiciones adecuadas para todos los ni\u00f1os y ni\u00f1as, es parte de asumir el compromiso que como gobierno corresponde, esto a trav\u00e9s de pol\u00edticas p\u00fablicas innovadoras que garanticen su bienestar.<\/p>\n\n\n\n<p>En el desarrollo de la sesi\u00f3n, se aprob\u00f3 por unanimidad el punto de acuerdo que establece la propuesta de una Ruta de Trabajo para la Construcci\u00f3n del Programa Municipal de Protecci\u00f3n de Ni\u00f1as, Ni\u00f1os y Adolescentes.<\/p>\n\n\n\n<p>De igual forma, se aprob\u00f3 la propuesta de las personas representantes de la Sociedad Civil a que formar\u00e1n parte de dicho sistema, siendo estos: Gabriela Guadalupe Espinoza Valenzuela, directora general de ProEduca Sinaloa I.A.P y al Ing. Javier Llaus\u00e1s Maga\u00f1a, director general de Culiac\u00e1n Participa I.A.P.<\/p>\n\n\n\n<p>En representaci\u00f3n de la ni\u00f1ez, el peque\u00f1o Alexander de 9 a\u00f1os, tom\u00f3 la palabra para expresar su necesidad de vivir en un Culiac\u00e1n en paz y la importancia de que su voz y la del resto de los ni\u00f1os, ni\u00f1as y adolescentes sean escuchadas por los gobernantes.<\/p>\n\n\n\n<p>Finalmente, el alcalde, Juan de Dios G\u00e1mez Mend\u00edvil, destac\u00f3 la importancia de las I.A.P en representaci\u00f3n de la sociedad civil, as\u00ed como de las comisiones correspondientes representadas por los Regidores, aunado a ello, enfatiz\u00f3 que ser\u00e1 desde la comunicaci\u00f3n por medio de campa\u00f1as de concientizaci\u00f3n y mucha difusi\u00f3n como se pretende involucrar a toda la sociedad en virtud de construir una sociedad de paz para todos.<\/p>\n","protected":false},"excerpt":{"rendered":"<p>Culiac\u00e1n, Sin., a 26 de octubre de 2022.- Esta ma\u00f1ana se llev\u00f3 a cabo la reinstalaci\u00f3n del Sistema Municipal de Protecci\u00f3n Integral de los Derechos de Ni\u00f1as, Ni\u00f1os y Adolescentes de Culiac\u00e1n, as\u00ed como la primera sesi\u00f3n del mismo, donde se aprobaron dos puntos de acuerdo en favor de este sector de la poblaci\u00f3n. En [&hellip;]<\/p>\n","protected":false},"author":2,"featured_media":22650,"comment_status":"open","ping_status":"open","sticky":false,"template":"","format":"standard","meta":{"_mi_skip_tracking":false,"footnotes":""},"categories":[12],"tags":[697,1987],"class_list":["post-22649","post","type-post","status-publish","format-standard","has-post-thumbnail","hentry","category-ciudad","tag-ayuntamiento-de-culiacan","tag-juan-de-dios-gamez-mendivil"],"_links":{"self":[{"href":"https:\/\/www.puntociegoeditorial.com\/web\/wp-json\/wp\/v2\/posts\/22649","targetHints":{"allow":["GET"]}}],"collection":[{"href":"https:\/\/www.puntociegoeditorial.com\/web\/wp-json\/wp\/v2\/posts"}],"about":[{"href":"https:\/\/www.puntociegoeditorial.com\/web\/wp-json\/wp\/v2\/types\/post"}],"author":[{"embeddable":true,"href":"https:\/\/www.puntociegoeditorial.com\/web\/wp-json\/wp\/v2\/users\/2"}],"replies":[{"embeddable":true,"href":"https:\/\/www.puntociegoeditorial.com\/web\/wp-json\/wp\/v2\/comments?post=22649"}],"version-history":[{"count":1,"href":"https:\/\/www.puntociegoeditorial.com\/web\/wp-json\/wp\/v2\/posts\/22649\/revisions"}],"predecessor-version":[{"id":22651,"href":"https:\/\/www.puntociegoeditorial.com\/web\/wp-json\/wp\/v2\/posts\/22649\/revisions\/22651"}],"wp:featuredmedia":[{"embeddable":true,"href":"https:\/\/www.puntociegoeditorial.com\/web\/wp-json\/wp\/v2\/media\/22650"}],"wp:attachment":[{"href":"https:\/\/www.puntociegoeditorial.com\/web\/wp-json\/wp\/v2\/media?parent=22649"}],"wp:term":[{"taxonomy":"category","embeddable":true,"href":"https:\/\/www.puntociegoeditorial.com\/web\/wp-json\/wp\/v2\/categories?post=22649"},{"taxonomy":"post_tag","embeddable":true,"href":"https:\/\/www.puntociegoeditorial.com\/web\/wp-json\/wp\/v2\/tags?post=22649"}],"curies":[{"name":"wp","href":"https:\/\/api.w.org\/{rel}","templated":true}]}}