{"id":22655,"date":"2022-10-26T17:38:38","date_gmt":"2022-10-26T23:38:38","guid":{"rendered":"http:\/\/puntociegoeditorial.com\/web\/?p=22655"},"modified":"2022-10-26T17:38:38","modified_gmt":"2022-10-26T23:38:38","slug":"asume-cargo-de-director-del-imju-ruben-alexis-luque-arreola","status":"publish","type":"post","link":"https:\/\/www.puntociegoeditorial.com\/web\/2022\/10\/26\/asume-cargo-de-director-del-imju-ruben-alexis-luque-arreola\/","title":{"rendered":"Asume cargo de director del IMJU, Rub\u00e9n Alexis Luque Arreola"},"content":{"rendered":"\n<p>Culiac\u00e1n, Sin., a 26 de octubre de 2022.- Bajo el firme compromiso de trabajar en pro de la juventud, priorizando todo aquello que abone a su sano desarrollo, el alcalde Juan de Dios G\u00e1mez Mend\u00edvil tom\u00f3 protesta como director del Instituto Municipal de la Juventud a Rub\u00e9n Alexis Luque Arreola, quien a partir de hoy se integra a las filas del Ayuntamiento de Culiac\u00e1n.<\/p>\n\n\n\n<p>Al asumir dicho cargo, el funcionario municipal agradeci\u00f3 la confianza brindada por el presidente municipal para ostentar este puesto, mismo que dijo, desempe\u00f1ar\u00e1 de la mejor manera y cumpliendo con la encomienda otorgada.<\/p>\n\n\n\n<p>Como primera tarea al frente del IMJU, el primer edil solicit\u00f3 al reci\u00e9n nombrado director, reactivar las actividades deportivas para los j\u00f3venes, adem\u00e1s de que la Isla de Orab\u00e1 sea sede cada viernes de un programa recreativo que contenga todo aquello que contribuya al sano esparcimiento de la juventud y a inhibir las conductas antisociales.<\/p>\n\n\n\n<p>Asimismo, pidi\u00f3 que se haga uso de otros espacios p\u00fablicos donde tambi\u00e9n se contemplen actividades educativas y culturales, pues esto es esencial para su adecuada formaci\u00f3n.<\/p>\n\n\n\n<p>Tras refrendar su entera disposici\u00f3n para este objetivo y todo lo que se requiera, Rub\u00e9n Alexis Luque Arreola, recibi\u00f3 la felicitaci\u00f3n por parte del presidente municipal, quien lo conmin\u00f3 a dar lo mejor de s\u00ed.<\/p>\n","protected":false},"excerpt":{"rendered":"<p>Culiac\u00e1n, Sin., a 26 de octubre de 2022.- Bajo el firme compromiso de trabajar en pro de la juventud, priorizando todo aquello que abone a su sano desarrollo, el alcalde Juan de Dios G\u00e1mez Mend\u00edvil tom\u00f3 protesta como director del Instituto Municipal de la Juventud a Rub\u00e9n Alexis Luque Arreola, quien a partir de hoy [&hellip;]<\/p>\n","protected":false},"author":2,"featured_media":22656,"comment_status":"open","ping_status":"open","sticky":false,"template":"","format":"standard","meta":{"_mi_skip_tracking":false,"footnotes":""},"categories":[18],"tags":[332,1987],"class_list":["post-22655","post","type-post","status-publish","format-standard","has-post-thumbnail","hentry","category-agro","tag-imju","tag-juan-de-dios-gamez-mendivil"],"_links":{"self":[{"href":"https:\/\/www.puntociegoeditorial.com\/web\/wp-json\/wp\/v2\/posts\/22655","targetHints":{"allow":["GET"]}}],"collection":[{"href":"https:\/\/www.puntociegoeditorial.com\/web\/wp-json\/wp\/v2\/posts"}],"about":[{"href":"https:\/\/www.puntociegoeditorial.com\/web\/wp-json\/wp\/v2\/types\/post"}],"author":[{"embeddable":true,"href":"https:\/\/www.puntociegoeditorial.com\/web\/wp-json\/wp\/v2\/users\/2"}],"replies":[{"embeddable":true,"href":"https:\/\/www.puntociegoeditorial.com\/web\/wp-json\/wp\/v2\/comments?post=22655"}],"version-history":[{"count":1,"href":"https:\/\/www.puntociegoeditorial.com\/web\/wp-json\/wp\/v2\/posts\/22655\/revisions"}],"predecessor-version":[{"id":22657,"href":"https:\/\/www.puntociegoeditorial.com\/web\/wp-json\/wp\/v2\/posts\/22655\/revisions\/22657"}],"wp:featuredmedia":[{"embeddable":true,"href":"https:\/\/www.puntociegoeditorial.com\/web\/wp-json\/wp\/v2\/media\/22656"}],"wp:attachment":[{"href":"https:\/\/www.puntociegoeditorial.com\/web\/wp-json\/wp\/v2\/media?parent=22655"}],"wp:term":[{"taxonomy":"category","embeddable":true,"href":"https:\/\/www.puntociegoeditorial.com\/web\/wp-json\/wp\/v2\/categories?post=22655"},{"taxonomy":"post_tag","embeddable":true,"href":"https:\/\/www.puntociegoeditorial.com\/web\/wp-json\/wp\/v2\/tags?post=22655"}],"curies":[{"name":"wp","href":"https:\/\/api.w.org\/{rel}","templated":true}]}}