{"id":22664,"date":"2022-10-26T19:55:32","date_gmt":"2022-10-27T01:55:32","guid":{"rendered":"http:\/\/puntociegoeditorial.com\/web\/?p=22664"},"modified":"2022-10-26T19:55:32","modified_gmt":"2022-10-27T01:55:32","slug":"sedecom-inaugura-la-gran-expo-inmobihogar","status":"publish","type":"post","link":"https:\/\/www.puntociegoeditorial.com\/web\/2022\/10\/26\/sedecom-inaugura-la-gran-expo-inmobihogar\/","title":{"rendered":"Sedecom inaugura la gran \u00abExpo Inmobihogar\u201d"},"content":{"rendered":"\n<p>Culiac\u00e1n, Sin., a 26 de octubre de 2022.- Con la finalidad de que los culiacanenses aprovechen los diversos servicios y promociones que tienen empresas e inmobiliarias, Sedecom dio por inaugurada la gran \u00abExpo Inmobihogar\u00bb.<\/p>\n\n\n\n<p>En las instalaciones del Sal\u00f3n 53 se realiz\u00f3 el evento protocolario, dando paso al tradicional corte de list\u00f3n frente a empresarios, c\u00e1maras de comercio y la autoridad municipal.<\/p>\n\n\n\n<p>El organizador del evento y productor general de \u00abExpo Inmobihogar\u00bb, Freddy Aranguren Garc\u00eda mostr\u00f3 su j\u00fabilo por ser la primera edici\u00f3n realizada en Culiac\u00e1n para que empresas locales se den a conocer, a la par de que la ciudadan\u00eda pueda ser acreedora de ofertas, cr\u00e9ditos, entre otros beneficios que se brindar\u00e1n durante hoy mi\u00e9rcoles y hasta ma\u00f1ana jueves 27 de octubre.<\/p>\n\n\n\n<p>Posterior a ello, se llev\u00f3 a cabo el recorrido por los 46 stands, entre los que destacaba el sector inmobiliario, desarrolladoras, arquitectura e ingenier\u00eda, interioristas, decoraci\u00f3n, materiales de construcci\u00f3n, muebles, persianas, art\u00edculos para el hogar, carpinter\u00edas, cer\u00e1micas, empresas de servicios, hall navide\u00f1o, entre muchas otras amenidades que se pueden encontrar para lograr tener una casa ideal.<\/p>\n\n\n\n<p>Al respecto, la titular de Desarrollo Econ\u00f3mico en Culiac\u00e1n, Janet Faviola Tostado Noriega, en su mensaje, felicit\u00f3 a los organizadores del evento por confluir a los distintos sectores de la econom\u00eda, de todo lo que ofrece Culiac\u00e1n, es decir, desde el sector inmobiliario hasta contar con gestiones y asesor\u00edas para ayudar a las personas para que puedan contar con pr\u00e9stamos, conocer sus situaciones fiscales y mucho m\u00e1s.<\/p>\n\n\n\n<p>\u00abAntes que nada, quiero felicitarlos porque en esta expo confluyen diversos sectores de la econom\u00eda, hasta la construcci\u00f3n podemos observar, temas de decoraci\u00f3n, toda la diversa gama de ofertas que esta \u00abExpo Inmobihogar\u00bb tiene de manera gratuita para quienes deseen venir y conocer\u00bb, enfatiz\u00f3 la funcionaria municipal.<\/p>\n\n\n\n<p>Por \u00faltimo, invit\u00f3 a la ciudadan\u00eda en general para que asistan a esta fiesta de servicios y prestaciones para el d\u00eda de ma\u00f1ana, asimismo se est\u00e1 realizando un ciclo de conferencias enfocadas al \u00e1mbito inmobiliario, de negocios, y concluyendo con la magistral ponencia denominada \u201cNeuromarketing y Ventas\u201d con Jurgen Klaric que se llevar\u00e1 a cabo el pr\u00f3ximo viernes en el Sal\u00f3n 53 a partir de las 6:30 p.m.<\/p>\n","protected":false},"excerpt":{"rendered":"<p>Culiac\u00e1n, Sin., a 26 de octubre de 2022.- Con la finalidad de que los culiacanenses aprovechen los diversos servicios y promociones que tienen empresas e inmobiliarias, Sedecom dio por inaugurada la gran \u00abExpo Inmobihogar\u00bb. En las instalaciones del Sal\u00f3n 53 se realiz\u00f3 el evento protocolario, dando paso al tradicional corte de list\u00f3n frente a empresarios, [&hellip;]<\/p>\n","protected":false},"author":2,"featured_media":22665,"comment_status":"open","ping_status":"open","sticky":false,"template":"","format":"standard","meta":{"_mi_skip_tracking":false,"footnotes":""},"categories":[12],"tags":[478],"class_list":["post-22664","post","type-post","status-publish","format-standard","has-post-thumbnail","hentry","category-ciudad","tag-sedecom"],"_links":{"self":[{"href":"https:\/\/www.puntociegoeditorial.com\/web\/wp-json\/wp\/v2\/posts\/22664","targetHints":{"allow":["GET"]}}],"collection":[{"href":"https:\/\/www.puntociegoeditorial.com\/web\/wp-json\/wp\/v2\/posts"}],"about":[{"href":"https:\/\/www.puntociegoeditorial.com\/web\/wp-json\/wp\/v2\/types\/post"}],"author":[{"embeddable":true,"href":"https:\/\/www.puntociegoeditorial.com\/web\/wp-json\/wp\/v2\/users\/2"}],"replies":[{"embeddable":true,"href":"https:\/\/www.puntociegoeditorial.com\/web\/wp-json\/wp\/v2\/comments?post=22664"}],"version-history":[{"count":1,"href":"https:\/\/www.puntociegoeditorial.com\/web\/wp-json\/wp\/v2\/posts\/22664\/revisions"}],"predecessor-version":[{"id":22666,"href":"https:\/\/www.puntociegoeditorial.com\/web\/wp-json\/wp\/v2\/posts\/22664\/revisions\/22666"}],"wp:featuredmedia":[{"embeddable":true,"href":"https:\/\/www.puntociegoeditorial.com\/web\/wp-json\/wp\/v2\/media\/22665"}],"wp:attachment":[{"href":"https:\/\/www.puntociegoeditorial.com\/web\/wp-json\/wp\/v2\/media?parent=22664"}],"wp:term":[{"taxonomy":"category","embeddable":true,"href":"https:\/\/www.puntociegoeditorial.com\/web\/wp-json\/wp\/v2\/categories?post=22664"},{"taxonomy":"post_tag","embeddable":true,"href":"https:\/\/www.puntociegoeditorial.com\/web\/wp-json\/wp\/v2\/tags?post=22664"}],"curies":[{"name":"wp","href":"https:\/\/api.w.org\/{rel}","templated":true}]}}