{"id":22667,"date":"2022-10-26T19:56:16","date_gmt":"2022-10-27T01:56:16","guid":{"rendered":"http:\/\/puntociegoeditorial.com\/web\/?p=22667"},"modified":"2022-10-26T19:56:16","modified_gmt":"2022-10-27T01:56:16","slug":"imdec-participa-en-reinstalacion-del-sistema-municipal-de-proteccion-integral-de-los-derechos-de-ninas-ninos-y-adolescentes-de-culiacan","status":"publish","type":"post","link":"https:\/\/www.puntociegoeditorial.com\/web\/2022\/10\/26\/imdec-participa-en-reinstalacion-del-sistema-municipal-de-proteccion-integral-de-los-derechos-de-ninas-ninos-y-adolescentes-de-culiacan\/","title":{"rendered":"IMDEC participa en reinstalaci\u00f3n del Sistema Municipal de Protecci\u00f3n Integral de los Derechos de Ni\u00f1as, Ni\u00f1os y Adolescentes de Culiac\u00e1n"},"content":{"rendered":"\n<p>Culiac\u00e1n, Sinaloa.- Esta ma\u00f1ana, como Instituto Municipal del Deporte y la Cultura F\u00edsica, estuvimos en la reinstalaci\u00f3n del Sistema Municipal de Protecci\u00f3n Integral de los Derechos de Ni\u00f1as, Ni\u00f1os y Adolescentes de Culiac\u00e1n.<\/p>\n\n\n\n<p>Durante la reuni\u00f3n, se llev\u00f3 a cabo la primera sesi\u00f3n, en la que aprobaron dos puntos de acuerdo, en beneficio de este sector.<\/p>\n\n\n\n<p>\u00abPor medio del deporte, buscaremos en todos los espacios p\u00fablicos de la ciudad, proporcionar&nbsp;a la infancia un entorno para estimular el crecimiento f\u00edsico y el&nbsp;desarrollo sicol\u00f3gico\u00bb, dijo el director general del IMDEC.<\/p>\n\n\n\n<p>En la sesi\u00f3n, se aprob\u00f3 el punto de acuerdo que establece la propuesta de una Ruta de Trabajo para la Construcci\u00f3n del Programa Municipal de Protecci\u00f3n de Ni\u00f1as, Ni\u00f1os y Adolescentes.<\/p>\n\n\n\n<p>El alcalde Juan de Dios G\u00e1mez Mend\u00edvil, encabez\u00f3 esta sesi\u00f3n, donde recalc\u00f3 que la comunicaci\u00f3n por medio de campa\u00f1as de concientizaci\u00f3n y difusi\u00f3n, ser\u00e1 muy importante, ya que con ello, toda la ciudadan\u00eda estar\u00e1 informada.<\/p>\n","protected":false},"excerpt":{"rendered":"<p>Culiac\u00e1n, Sinaloa.- Esta ma\u00f1ana, como Instituto Municipal del Deporte y la Cultura F\u00edsica, estuvimos en la reinstalaci\u00f3n del Sistema Municipal de Protecci\u00f3n Integral de los Derechos de Ni\u00f1as, Ni\u00f1os y Adolescentes de Culiac\u00e1n. Durante la reuni\u00f3n, se llev\u00f3 a cabo la primera sesi\u00f3n, en la que aprobaron dos puntos de acuerdo, en beneficio de este [&hellip;]<\/p>\n","protected":false},"author":2,"featured_media":22668,"comment_status":"open","ping_status":"open","sticky":false,"template":"","format":"standard","meta":{"_mi_skip_tracking":false,"footnotes":""},"categories":[16],"tags":[697,503],"class_list":["post-22667","post","type-post","status-publish","format-standard","has-post-thumbnail","hentry","category-accion","tag-ayuntamiento-de-culiacan","tag-imdec"],"_links":{"self":[{"href":"https:\/\/www.puntociegoeditorial.com\/web\/wp-json\/wp\/v2\/posts\/22667","targetHints":{"allow":["GET"]}}],"collection":[{"href":"https:\/\/www.puntociegoeditorial.com\/web\/wp-json\/wp\/v2\/posts"}],"about":[{"href":"https:\/\/www.puntociegoeditorial.com\/web\/wp-json\/wp\/v2\/types\/post"}],"author":[{"embeddable":true,"href":"https:\/\/www.puntociegoeditorial.com\/web\/wp-json\/wp\/v2\/users\/2"}],"replies":[{"embeddable":true,"href":"https:\/\/www.puntociegoeditorial.com\/web\/wp-json\/wp\/v2\/comments?post=22667"}],"version-history":[{"count":1,"href":"https:\/\/www.puntociegoeditorial.com\/web\/wp-json\/wp\/v2\/posts\/22667\/revisions"}],"predecessor-version":[{"id":22669,"href":"https:\/\/www.puntociegoeditorial.com\/web\/wp-json\/wp\/v2\/posts\/22667\/revisions\/22669"}],"wp:featuredmedia":[{"embeddable":true,"href":"https:\/\/www.puntociegoeditorial.com\/web\/wp-json\/wp\/v2\/media\/22668"}],"wp:attachment":[{"href":"https:\/\/www.puntociegoeditorial.com\/web\/wp-json\/wp\/v2\/media?parent=22667"}],"wp:term":[{"taxonomy":"category","embeddable":true,"href":"https:\/\/www.puntociegoeditorial.com\/web\/wp-json\/wp\/v2\/categories?post=22667"},{"taxonomy":"post_tag","embeddable":true,"href":"https:\/\/www.puntociegoeditorial.com\/web\/wp-json\/wp\/v2\/tags?post=22667"}],"curies":[{"name":"wp","href":"https:\/\/api.w.org\/{rel}","templated":true}]}}