{"id":22698,"date":"2022-10-27T14:17:35","date_gmt":"2022-10-27T20:17:35","guid":{"rendered":"http:\/\/puntociegoeditorial.com\/web\/?p=22698"},"modified":"2022-10-27T14:17:35","modified_gmt":"2022-10-27T20:17:35","slug":"instituto-municipal-de-cultura-lleva-su-programa-enjambre-de-ideas-a-los-alumnos-del-tecnologico-de-culiacan","status":"publish","type":"post","link":"https:\/\/www.puntociegoeditorial.com\/web\/2022\/10\/27\/instituto-municipal-de-cultura-lleva-su-programa-enjambre-de-ideas-a-los-alumnos-del-tecnologico-de-culiacan\/","title":{"rendered":"Instituto Municipal de Cultura lleva su programa Enjambre de Ideas a los alumnos del Tecnol\u00f3gico de Culiac\u00e1n"},"content":{"rendered":"\n<p>Culiac\u00e1n, Sin., a 27 de octubre de 2022.- Con las preguntas, de qu\u00e9 enfermaban y mor\u00edan en la \u00e9poca colonial en Culiac\u00e1n y d\u00f3nde los enterraban y cu\u00e1nto costaba todo el ceremonial funerario, Inici\u00f3 la charla que la doctora Venecia Citlali Lara Caldera comparti\u00f3 con alumnos del Tec de Culiac\u00e1n durante la sesi\u00f3n del programa Enjambre de Ideas que lleva a cabo el Instituto Municipal de Cultura Culiac\u00e1n.<\/p>\n\n\n\n<p>Carlos Alonso Ram\u00edrez Reyes, director del IMCC, y Omar Iv\u00e1n Gaxiola S\u00e1nchez, director de Programaci\u00f3n y Planeaci\u00f3n del Tecnol\u00f3gico, dieron la bienvenida a los presentes para dar lugar a la conferencia \u201cEntierros en la Villa de Culiac\u00e1n; aspectos sociales y psicol\u00f3gicos vinculados a la cultura funeraria durante la Colonia\u201d, a cargo de la catedr\u00e1tica de la Facultad de Historia de la Universidad Aut\u00f3noma de Sinaloa.<\/p>\n\n\n\n<p>La doctora Lara explic\u00f3 que la Colonia fue una \u00e9poca muy ordenada, tanto en la estructura de las ciudades como en lo institucional, religioso, social y psicol\u00f3gico.<\/p>\n\n\n\n<p>Asimismo, hab\u00eda un orden en el espacio sepulcral, \u201cno donde quiera pod\u00eda caer el muerto\u201d, los enterraban dentro de las iglesias, en las paredes o en el piso, o afuera en el camposanto o el cementerio.<\/p>\n\n\n\n<p>El terreno m\u00e1s cercano al altar costaba 50 pesos de aquella \u00e9poca porque estaba m\u00e1s cercano a Dios, 25 pesos a la altura de Jes\u00fas de Nazaret, 10 pesos donde estaba San Nicol\u00e1s, 5 bajo el Coro, 3 pesos debajo de las puertas y 1.5 afuera del templo.<\/p>\n\n\n\n<p>Para finalizar la charla, en cuanto a la celebraci\u00f3n del D\u00eda de Muertos, la historiadora se\u00f1al\u00f3 que no se realizaba durante la Colonia, pues fue m\u00e1s bien una costumbre que se integr\u00f3 en la \u00e9poca postrevolucionaria.<\/p>\n","protected":false},"excerpt":{"rendered":"<p>Culiac\u00e1n, Sin., a 27 de octubre de 2022.- Con las preguntas, de qu\u00e9 enfermaban y mor\u00edan en la \u00e9poca colonial en Culiac\u00e1n y d\u00f3nde los enterraban y cu\u00e1nto costaba todo el ceremonial funerario, Inici\u00f3 la charla que la doctora Venecia Citlali Lara Caldera comparti\u00f3 con alumnos del Tec de Culiac\u00e1n durante la sesi\u00f3n del programa [&hellip;]<\/p>\n","protected":false},"author":2,"featured_media":22699,"comment_status":"open","ping_status":"open","sticky":false,"template":"","format":"standard","meta":{"_mi_skip_tracking":false,"footnotes":""},"categories":[12],"tags":[697,2567],"class_list":["post-22698","post","type-post","status-publish","format-standard","has-post-thumbnail","hentry","category-ciudad","tag-ayuntamiento-de-culiacan","tag-tecnologico-de-culiacan"],"_links":{"self":[{"href":"https:\/\/www.puntociegoeditorial.com\/web\/wp-json\/wp\/v2\/posts\/22698","targetHints":{"allow":["GET"]}}],"collection":[{"href":"https:\/\/www.puntociegoeditorial.com\/web\/wp-json\/wp\/v2\/posts"}],"about":[{"href":"https:\/\/www.puntociegoeditorial.com\/web\/wp-json\/wp\/v2\/types\/post"}],"author":[{"embeddable":true,"href":"https:\/\/www.puntociegoeditorial.com\/web\/wp-json\/wp\/v2\/users\/2"}],"replies":[{"embeddable":true,"href":"https:\/\/www.puntociegoeditorial.com\/web\/wp-json\/wp\/v2\/comments?post=22698"}],"version-history":[{"count":1,"href":"https:\/\/www.puntociegoeditorial.com\/web\/wp-json\/wp\/v2\/posts\/22698\/revisions"}],"predecessor-version":[{"id":22700,"href":"https:\/\/www.puntociegoeditorial.com\/web\/wp-json\/wp\/v2\/posts\/22698\/revisions\/22700"}],"wp:featuredmedia":[{"embeddable":true,"href":"https:\/\/www.puntociegoeditorial.com\/web\/wp-json\/wp\/v2\/media\/22699"}],"wp:attachment":[{"href":"https:\/\/www.puntociegoeditorial.com\/web\/wp-json\/wp\/v2\/media?parent=22698"}],"wp:term":[{"taxonomy":"category","embeddable":true,"href":"https:\/\/www.puntociegoeditorial.com\/web\/wp-json\/wp\/v2\/categories?post=22698"},{"taxonomy":"post_tag","embeddable":true,"href":"https:\/\/www.puntociegoeditorial.com\/web\/wp-json\/wp\/v2\/tags?post=22698"}],"curies":[{"name":"wp","href":"https:\/\/api.w.org\/{rel}","templated":true}]}}