{"id":22713,"date":"2022-10-27T17:51:24","date_gmt":"2022-10-27T23:51:24","guid":{"rendered":"http:\/\/puntociegoeditorial.com\/web\/?p=22713"},"modified":"2022-10-27T17:51:24","modified_gmt":"2022-10-27T23:51:24","slug":"atencion-estudiantes-manana-cierra-convocatoria-para-concurso-sobre-cuidado-del-medio-ambiente","status":"publish","type":"post","link":"https:\/\/www.puntociegoeditorial.com\/web\/2022\/10\/27\/atencion-estudiantes-manana-cierra-convocatoria-para-concurso-sobre-cuidado-del-medio-ambiente\/","title":{"rendered":"\u00a1Atenci\u00f3n, estudiantes! Ma\u00f1ana cierra convocatoria para concurso sobre cuidado del medio ambiente"},"content":{"rendered":"\n<p>Alumnas y alumnos de nivel b\u00e1sico podr\u00e1n participar en las categor\u00edas dibujo, fotograf\u00eda, entre otros<br>Culiac\u00e1n, Sinaloa, a 27 de octubre de 2022.- Ma\u00f1ana es la fecha l\u00edmite para que alumnas y alumnos de primaria y secundaria presenten sus obras para participar en el concurso sobre cuidado del medio ambiente, convocado por la Secretar\u00eda de Educaci\u00f3n P\u00fablica y Cultura (SEPyC), la Secretar\u00eda de Bienestar y Desarrollo Sustentable (Sebides) y la Secretar\u00eda de Econom\u00eda.<br>El director de Vinculaci\u00f3n Social de SEPyC, Armando Echeagaray Fletes dio a conocer que las y los estudiantes de nivel b\u00e1sico interesados podr\u00e1n participar en las modalidades: dibujo, reciclaje, fotograf\u00eda y cuento con tem\u00e1tica de medio ambiente. Las obras se recibir\u00e1n en las oficinas de la Sebides, ubicadas en el tercer piso de Palacio de Gobierno, as\u00ed como en las Supervisiones Escolares o en las oficinas de Servicios Regionales de SEPyC, distribuidas en siete municipios.<br>\u201cEl objetivo es sensibilizar a los ni\u00f1os, ni\u00f1as y adolescentes acerca del cuidado del medio ambiente, con el fin de impulsar acciones orientadas a un bienestar com\u00fan y el desarrollo sustentable\u201d, dijo.<br>Anunci\u00f3 que, quien obtenga el primer lugar recibir\u00e1 un premio de 10 mil pesos en efectivo; el segundo lugar, 5 mil pesos y el tercer lugar 3 mil pesos. Los ganadores ser\u00e1n notificados a trav\u00e9s de correo electr\u00f3nico o n\u00famero telef\u00f3nico.<br>En la modalidad de dibujo, deber\u00e1 entregarse en hoja tama\u00f1o carta, pegada en un papel cascar\u00f3n para reforzar, deber\u00e1 ser original y en t\u00e9cnica libre. En la categor\u00eda \u201creciclaje\u201d, podr\u00e1n utilizar pl\u00e1sticos y debe ser un proyecto innovador, funcional y que promueva el cuidado del medio ambiente. Las y los participantes de Fotograf\u00eda, deber\u00e1n presentar archivo digital. La imagen puede ser tomada desde cualquier dispositivo: celular, c\u00e1mara, tableta, etc. En la modalidad de \u201ccuento\u201d, el tema es \u201cAlternativas al uso del pl\u00e1stico\u201d, con un m\u00e1ximo de tres cuartillas y una estructura de introducci\u00f3n, nudo y desenlace.<br>El servidor p\u00fablico se\u00f1al\u00f3 que todos los trabajos deber\u00e1n contar con el nombre completo del alumno o alumna, nombre y clave de la escuela, domicilio, tel\u00e9fono, correo electr\u00f3nico y una carta de autorizaci\u00f3n para la presentaci\u00f3n de los trabajos.<br>Echeagaray Fletes anunci\u00f3 que las y los interesados tienen como fecha l\u00edmite de entrega el viernes 28 de octubre. La premiaci\u00f3n de los tres primeros lugares de cada modalidad y categor\u00eda educativa se realizar\u00e1 en el Auditorio del Parque Tem\u00e1tico, el pr\u00f3ximo 17 de noviembre, a las 11:00 horas, durante la celebraci\u00f3n del Primero Foro Ambiental BioSinaloa 2022, mismo que ser\u00e1 los d\u00edas 17 y 18 de noviembre en el mencionado recinto.<\/p>\n","protected":false},"excerpt":{"rendered":"<p>Alumnas y alumnos de nivel b\u00e1sico podr\u00e1n participar en las categor\u00edas dibujo, fotograf\u00eda, entre otrosCuliac\u00e1n, Sinaloa, a 27 de octubre de 2022.- Ma\u00f1ana es la fecha l\u00edmite para que alumnas y alumnos de primaria y secundaria presenten sus obras para participar en el concurso sobre cuidado del medio ambiente, convocado por la Secretar\u00eda de Educaci\u00f3n [&hellip;]<\/p>\n","protected":false},"author":2,"featured_media":22714,"comment_status":"open","ping_status":"open","sticky":false,"template":"","format":"standard","meta":{"_mi_skip_tracking":false,"footnotes":""},"categories":[13],"tags":[77],"class_list":["post-22713","post","type-post","status-publish","format-standard","has-post-thumbnail","hentry","category-sinaloa","tag-sepyc"],"_links":{"self":[{"href":"https:\/\/www.puntociegoeditorial.com\/web\/wp-json\/wp\/v2\/posts\/22713","targetHints":{"allow":["GET"]}}],"collection":[{"href":"https:\/\/www.puntociegoeditorial.com\/web\/wp-json\/wp\/v2\/posts"}],"about":[{"href":"https:\/\/www.puntociegoeditorial.com\/web\/wp-json\/wp\/v2\/types\/post"}],"author":[{"embeddable":true,"href":"https:\/\/www.puntociegoeditorial.com\/web\/wp-json\/wp\/v2\/users\/2"}],"replies":[{"embeddable":true,"href":"https:\/\/www.puntociegoeditorial.com\/web\/wp-json\/wp\/v2\/comments?post=22713"}],"version-history":[{"count":1,"href":"https:\/\/www.puntociegoeditorial.com\/web\/wp-json\/wp\/v2\/posts\/22713\/revisions"}],"predecessor-version":[{"id":22715,"href":"https:\/\/www.puntociegoeditorial.com\/web\/wp-json\/wp\/v2\/posts\/22713\/revisions\/22715"}],"wp:featuredmedia":[{"embeddable":true,"href":"https:\/\/www.puntociegoeditorial.com\/web\/wp-json\/wp\/v2\/media\/22714"}],"wp:attachment":[{"href":"https:\/\/www.puntociegoeditorial.com\/web\/wp-json\/wp\/v2\/media?parent=22713"}],"wp:term":[{"taxonomy":"category","embeddable":true,"href":"https:\/\/www.puntociegoeditorial.com\/web\/wp-json\/wp\/v2\/categories?post=22713"},{"taxonomy":"post_tag","embeddable":true,"href":"https:\/\/www.puntociegoeditorial.com\/web\/wp-json\/wp\/v2\/tags?post=22713"}],"curies":[{"name":"wp","href":"https:\/\/api.w.org\/{rel}","templated":true}]}}