{"id":22792,"date":"2022-10-28T16:55:52","date_gmt":"2022-10-28T22:55:52","guid":{"rendered":"http:\/\/puntociegoeditorial.com\/web\/?p=22792"},"modified":"2022-10-28T16:55:52","modified_gmt":"2022-10-28T22:55:52","slug":"autoridades-y-ciudadania-disenaran-acciones-para-disminuir-muertes-por-siniestros-viales","status":"publish","type":"post","link":"https:\/\/www.puntociegoeditorial.com\/web\/2022\/10\/28\/autoridades-y-ciudadania-disenaran-acciones-para-disminuir-muertes-por-siniestros-viales\/","title":{"rendered":"Autoridades y ciudadan\u00eda dise\u00f1ar\u00e1n acciones para disminuir muertes por siniestros viales"},"content":{"rendered":"\n<p>SESESP y SGG anuncian el Foro para la Movilidad Sostenible, una plataforma para dialogar, escuchar y proponer acciones con la participaci\u00f3n de expertos nacionales e internacionales, as\u00ed como grupos sociales, especialistas y usuarios en general del espacio p\u00fablico<\/p>\n\n\n\n<p>Culiac\u00e1n, Sinaloa, viernes 28 de octubre de 2022.- El Gobierno del Estado, a trav\u00e9s de la Secretar\u00eda General de Gobierno y el Secretariado Ejecutivo del Sistema Estatal de Seguridad P\u00fablica, anunci\u00f3 la realizaci\u00f3n del Foro para la Movilidad Sostenible, un esfuerzo entre gobierno y sociedad para dialogar, escuchar y proponer acciones para mejorar la seguridad vial desde la perspectiva democr\u00e1tica de todos los usuarios y usuarias del espacio p\u00fablico.<\/p>\n\n\n\n<p>El Secretario Ejecutivo del Sistema Estatal de Seguridad P\u00fablica, Ricardo Jenny del Rinc\u00f3n, destac\u00f3 que para el Gobierno del Estado, expresado as\u00ed por el Gobernador Rub\u00e9n Rocha Moya, es prioridad atender el tema de movilidad para reducir los siniestros viales y muertes por esta causa.<\/p>\n\n\n\n<p>Por ello, como parte del Foro para la Movilidad Sostenible se realizar\u00e1n actividades encaminadas a atender la problem\u00e1tica con un enfoque integral, con la participaci\u00f3n de todas las instancias de gobierno involucradas y tomando en cuenta a la sociedad en la b\u00fasqueda de soluciones factibles en el corto, mediano y largo plazo.<\/p>\n\n\n\n<p>Explic\u00f3 que la primera actividad es un Foro en el que participar\u00e1n expertas y expertos nacionales e internacionales en materia de movilidad y seguridad vial, aportando sus perspectivas y buenas pr\u00e1cticas. El evento se llevar\u00e1 a cabo el jueves 3 de noviembre en el auditorio del MIA, de 9:00 am a 6:00 pm.<\/p>\n\n\n\n<p>La segunda actividad es un taller para desarrollar ideas de soluci\u00f3n, el cual se realizar\u00e1 el 11 de noviembre en el Congreso del Estado para evaluar la situaci\u00f3n con la inclusi\u00f3n de todas las voces participativas en la materia: gobierno, academia, empresas, sociedad civil, gremios, activistas y l\u00edderes de opini\u00f3n p\u00fablica, quienes expondr\u00e1n la problem\u00e1tica desde su conocimiento, experiencia y\/o vivencia.<\/p>\n\n\n\n<p>La \u00faltima actividad es un taller de planeaci\u00f3n estrat\u00e9gica, el cual se realizar\u00e1 con expertos del sector p\u00fablico y privado para elaborar una cartera de acciones donde se establezcan plazos, metas, indicadores y responsables de los proyectos o programas urgentes e indispensables para mejorar la movilidad y la seguridad vial.<\/p>\n\n\n\n<p>Por su parte, Said Osuna F\u00e9lix, especialista en temas de movilidad de la Subsecretar\u00eda de Gobierno, destac\u00f3 que estas actividades se realizan en el marco de la armonizaci\u00f3n de la normatividad jur\u00eddica estatal con la Ley General de Movilidad y Seguridad Vial, la cual sienta las bases para una pol\u00edtica de movilidad y seguridad vial bajo un enfoque sist\u00e9mico, es decir, involucrar a todas las autoridades e instancias necesarias, considerando que el tema es de seguridad, pero tambi\u00e9n de salud, econom\u00eda, transporte, entre otras aristas.<\/p>\n\n\n\n<p>En tanto, el Dr. Juan Carlos Rojo Carrascal, arquitecto, experto en temas de planeaci\u00f3n y movilidad urbana, quien colabora en la organizaci\u00f3n del Foro para la Movilidad Sostenible, destac\u00f3 la calidad de los expositores del primer evento a realizarse el 3 de noviembre, pues re\u00fane a especialistas de diversas perspectivas, pero todas enfocadas a la seguridad vial con el prop\u00f3sito de salvar vidas.<\/p>\n\n\n\n<p>Finalmente, Thania Karina Parra y Parra, Titular del Centro Estatal de Prevenci\u00f3n de la Violencia y la Delincuencia con Participaci\u00f3n Ciudadana (CEPREVSIN) del SESESP, recalc\u00f3 que estas actividades son solo el inicio para impulsar un plan de acci\u00f3n que permita avanzar en la meta de disminuir las muertes por siniestros viales, por lo que dijo debe verse el tema como un proceso que apenas inicia y que concluir\u00e1 en acciones, pol\u00edticas p\u00fablicas y proyectos que requieren de la colaboraci\u00f3n de todos.<\/p>\n","protected":false},"excerpt":{"rendered":"<p>SESESP y SGG anuncian el Foro para la Movilidad Sostenible, una plataforma para dialogar, escuchar y proponer acciones con la participaci\u00f3n de expertos nacionales e internacionales, as\u00ed como grupos sociales, especialistas y usuarios en general del espacio p\u00fablico Culiac\u00e1n, Sinaloa, viernes 28 de octubre de 2022.- El Gobierno del Estado, a trav\u00e9s de la Secretar\u00eda [&hellip;]<\/p>\n","protected":false},"author":2,"featured_media":22793,"comment_status":"open","ping_status":"open","sticky":false,"template":"","format":"standard","meta":{"_mi_skip_tracking":false,"footnotes":""},"categories":[13],"tags":[856,134],"class_list":["post-22792","post","type-post","status-publish","format-standard","has-post-thumbnail","hentry","category-sinaloa","tag-gobierno-del-estado","tag-ruben-rocha-moya"],"_links":{"self":[{"href":"https:\/\/www.puntociegoeditorial.com\/web\/wp-json\/wp\/v2\/posts\/22792","targetHints":{"allow":["GET"]}}],"collection":[{"href":"https:\/\/www.puntociegoeditorial.com\/web\/wp-json\/wp\/v2\/posts"}],"about":[{"href":"https:\/\/www.puntociegoeditorial.com\/web\/wp-json\/wp\/v2\/types\/post"}],"author":[{"embeddable":true,"href":"https:\/\/www.puntociegoeditorial.com\/web\/wp-json\/wp\/v2\/users\/2"}],"replies":[{"embeddable":true,"href":"https:\/\/www.puntociegoeditorial.com\/web\/wp-json\/wp\/v2\/comments?post=22792"}],"version-history":[{"count":1,"href":"https:\/\/www.puntociegoeditorial.com\/web\/wp-json\/wp\/v2\/posts\/22792\/revisions"}],"predecessor-version":[{"id":22794,"href":"https:\/\/www.puntociegoeditorial.com\/web\/wp-json\/wp\/v2\/posts\/22792\/revisions\/22794"}],"wp:featuredmedia":[{"embeddable":true,"href":"https:\/\/www.puntociegoeditorial.com\/web\/wp-json\/wp\/v2\/media\/22793"}],"wp:attachment":[{"href":"https:\/\/www.puntociegoeditorial.com\/web\/wp-json\/wp\/v2\/media?parent=22792"}],"wp:term":[{"taxonomy":"category","embeddable":true,"href":"https:\/\/www.puntociegoeditorial.com\/web\/wp-json\/wp\/v2\/categories?post=22792"},{"taxonomy":"post_tag","embeddable":true,"href":"https:\/\/www.puntociegoeditorial.com\/web\/wp-json\/wp\/v2\/tags?post=22792"}],"curies":[{"name":"wp","href":"https:\/\/api.w.org\/{rel}","templated":true}]}}