{"id":22795,"date":"2022-10-28T16:56:38","date_gmt":"2022-10-28T22:56:38","guid":{"rendered":"http:\/\/puntociegoeditorial.com\/web\/?p=22795"},"modified":"2022-10-28T16:56:38","modified_gmt":"2022-10-28T22:56:38","slug":"con-una-importante-participacion-ciudadana-se-realizo-el-foro-construccion-de-una-politica-cultural-para-culiacan","status":"publish","type":"post","link":"https:\/\/www.puntociegoeditorial.com\/web\/2022\/10\/28\/con-una-importante-participacion-ciudadana-se-realizo-el-foro-construccion-de-una-politica-cultural-para-culiacan\/","title":{"rendered":"Con una importante participaci\u00f3n ciudadana se realiz\u00f3 el foro \u201cConstrucci\u00f3n de una Pol\u00edtica Cultural para Culiac\u00e1n"},"content":{"rendered":"\n<p>Culiac\u00e1n, Sin., a 28 de octubre de 2022.- Con la participaci\u00f3n de grupos, organizaciones sociales, cronistas, charros, artistas, funcionarios municipales y regidores, el Instituto Municipal de Cultura Culiac\u00e1n realiz\u00f3 el Foro \u201cConstrucci\u00f3n de una Pol\u00edtica Cultural para Culiac\u00e1n\u201d con el prop\u00f3sito de elaborar entre gobierno y sociedad el plan de trabajo para el pr\u00f3ximo a\u00f1o.<\/p>\n\n\n\n<p>Reunidos en mesa de trabajo, los asistentes abordaron temas fundamentales para desarrollar programas y acciones de manera transversal durante el 2023: Cultura ambiental, Pol\u00edtica cultural con perspectiva de g\u00e9nero, Fomento a la lectura, Preservaci\u00f3n de las tradiciones ind\u00edgenas, Cultura de paz, Emprendimiento cultural, Acceso a la cultura a la ni\u00f1ez, Espacios culturales e infraestructura, Cultura de la innovaci\u00f3n y Preservaci\u00f3n del patrimonio cultural.<\/p>\n\n\n\n<p>En dicho foro participaron tambi\u00e9n, Sociedad Zool\u00f3gica y Bot\u00e1nica de Sinaloa, Museo Vivo, Mil producciones, entre otras agrupaciones, quienes se hicieron presentes tambi\u00e9n con sus propuestas.<\/p>\n\n\n\n<p>En la mesa se compartieron una serie de ideas, en las que destacaron temas ambientalistas sobre el cuidado del medio y el manejo de la basura; dignificaci\u00f3n y reconocimiento de la mujer, necesidad de maestros de educaci\u00f3n art\u00edstica en las escuelas, formar p\u00fablicos, apoyo a los artistas independientes, concientizar a los gobiernos de la importancia de invertir en infraestructura cultural, preservar la charrer\u00eda como patrimonio, impulsar el arte digital, creaci\u00f3n de coros en escuelas de colonias, refuerzo a las iniciativas ciudadanas existentes.<\/p>\n\n\n\n<p>Propuestas que ser\u00e1n base para la elaboraci\u00f3n del plan, adem\u00e1s de aquellas que siguen llegando a trav\u00e9s del correo foroculturalcln@gmail.com<\/p>\n\n\n\n<p>Al final de la sesi\u00f3n, el director del IMCC, Carlos Alonso Ram\u00edrez Reyes, se mostr\u00f3 complacido con la participaci\u00f3n ciudadana, con la oportunidad de generar mayor comunidad y construir entre todos, un plan m\u00e1s rico en propuestas, y con la posibilidad de transformar la narrativa que se tiene de la ciudad a trav\u00e9s de la cultura y el arte.<\/p>\n","protected":false},"excerpt":{"rendered":"<p>Culiac\u00e1n, Sin., a 28 de octubre de 2022.- Con la participaci\u00f3n de grupos, organizaciones sociales, cronistas, charros, artistas, funcionarios municipales y regidores, el Instituto Municipal de Cultura Culiac\u00e1n realiz\u00f3 el Foro \u201cConstrucci\u00f3n de una Pol\u00edtica Cultural para Culiac\u00e1n\u201d con el prop\u00f3sito de elaborar entre gobierno y sociedad el plan de trabajo para el pr\u00f3ximo a\u00f1o. [&hellip;]<\/p>\n","protected":false},"author":2,"featured_media":22796,"comment_status":"open","ping_status":"open","sticky":false,"template":"","format":"standard","meta":{"_mi_skip_tracking":false,"footnotes":""},"categories":[12],"tags":[2299],"class_list":["post-22795","post","type-post","status-publish","format-standard","has-post-thumbnail","hentry","category-ciudad","tag-imcc"],"_links":{"self":[{"href":"https:\/\/www.puntociegoeditorial.com\/web\/wp-json\/wp\/v2\/posts\/22795","targetHints":{"allow":["GET"]}}],"collection":[{"href":"https:\/\/www.puntociegoeditorial.com\/web\/wp-json\/wp\/v2\/posts"}],"about":[{"href":"https:\/\/www.puntociegoeditorial.com\/web\/wp-json\/wp\/v2\/types\/post"}],"author":[{"embeddable":true,"href":"https:\/\/www.puntociegoeditorial.com\/web\/wp-json\/wp\/v2\/users\/2"}],"replies":[{"embeddable":true,"href":"https:\/\/www.puntociegoeditorial.com\/web\/wp-json\/wp\/v2\/comments?post=22795"}],"version-history":[{"count":1,"href":"https:\/\/www.puntociegoeditorial.com\/web\/wp-json\/wp\/v2\/posts\/22795\/revisions"}],"predecessor-version":[{"id":22797,"href":"https:\/\/www.puntociegoeditorial.com\/web\/wp-json\/wp\/v2\/posts\/22795\/revisions\/22797"}],"wp:featuredmedia":[{"embeddable":true,"href":"https:\/\/www.puntociegoeditorial.com\/web\/wp-json\/wp\/v2\/media\/22796"}],"wp:attachment":[{"href":"https:\/\/www.puntociegoeditorial.com\/web\/wp-json\/wp\/v2\/media?parent=22795"}],"wp:term":[{"taxonomy":"category","embeddable":true,"href":"https:\/\/www.puntociegoeditorial.com\/web\/wp-json\/wp\/v2\/categories?post=22795"},{"taxonomy":"post_tag","embeddable":true,"href":"https:\/\/www.puntociegoeditorial.com\/web\/wp-json\/wp\/v2\/tags?post=22795"}],"curies":[{"name":"wp","href":"https:\/\/api.w.org\/{rel}","templated":true}]}}