{"id":22801,"date":"2022-10-28T16:58:54","date_gmt":"2022-10-28T22:58:54","guid":{"rendered":"http:\/\/puntociegoeditorial.com\/web\/?p=22801"},"modified":"2022-10-28T16:58:54","modified_gmt":"2022-10-28T22:58:54","slug":"entrega-rocha-galardon-rafael-buelna-tenorio-2022-a-19-jovenes-destacados-del-estado","status":"publish","type":"post","link":"https:\/\/www.puntociegoeditorial.com\/web\/2022\/10\/28\/entrega-rocha-galardon-rafael-buelna-tenorio-2022-a-19-jovenes-destacados-del-estado\/","title":{"rendered":"Entrega Rocha Galard\u00f3n \u201cRafael Buelna Tenorio\u201d 2022 a 19 j\u00f3venes destacados del Estado"},"content":{"rendered":"\n<p>El mandatario estatal asegur\u00f3 que apoyar\u00e1 las iniciativas de los j\u00f3venes reconocidos en esta ceremonia.<\/p>\n\n\n\n<p>Culiac\u00e1n, Sinaloa, 28 de octubre del 2022.- El gobernador Rub\u00e9n Rocha Moya realiz\u00f3 la entrega del galard\u00f3n \u201cRafael Buelna Tenorio\u201d 2022 a 16 j\u00f3venes sinaloenses en la modalidad Municipal y a 3 m\u00e1s en la modalidad Estatal, todos ellos reconocidos por su participaci\u00f3n destacable en \u00e1mbitos como emprendimiento social, protecci\u00f3n civil, atenci\u00f3n a grupos vulnerables, acciones heroicas, trabajos sobresalientes y participaci\u00f3n social, esta ceremonia fue organizada por la Secretar\u00eda de Bienestar y Desarrollo Sustentable y el Instituto Sinaloense de la Juventud.<\/p>\n\n\n\n<p>El gobernador entreg\u00f3 el premio al primer lugar en la modalidad Estatal, Ram\u00f3n Alejandro D\u00edaz Cossio, un joven quien trabaja con personas con capacidades especiales, a quien reconoci\u00f3 su labor de emprendimiento y atenci\u00f3n para estar al servicio de este grupo, al que asegur\u00f3 que desde su gobierno lo apoyar\u00e1n completamente en todas sus iniciativas para el mejoramiento del estado y bienestar de los discapacitados.<\/p>\n\n\n\n<p>Tras esto, el mandatario estatal destac\u00f3 la importancia de crear iniciativas que incentiven a las personas con discapacidades permanentes para que estas puedan desarrollar oficios que sean bien remunerados. A su vez, Rocha explic\u00f3 que en Sinaloa se entregar\u00e1n pensiones iguales para todas las personas con capacidades especiales, pues esto es su obra m\u00e1s grande en su primer a\u00f1o de gobierno.<\/p>\n\n\n\n<p>\u201cDarles a todos las personas con discapacidad, a los que son ciegos, sordos, a una persona que le falta un brazo, pierna y que son discapacidades permanentes, porque aunque pueda ponerse alg\u00fan implemento temporal no van a resolver su problema definitivo, a una persona que tiene problemas mentales, es discapacitado mental, a todos ellos, no va a haber una persona en Sinaloa, ya hemos hecho un levantamiento hasta ahora, en total son m\u00e1s de 50 mil las personas con discapacidad permanente, todos van a tener, los que tienen hasta 29 a\u00f1os ya las tienen y luego cerca de 29 mil m\u00e1s las van a tener\u201d, dijo.<\/p>\n\n\n\n<p>Se\u00f1al\u00f3 que Sinaloa es el \u00fanico estado que cuenta con la universalidad en todo el pa\u00eds en el tema de los pagos de pensiones, ya que al igual que Ram\u00f3n D\u00edaz Cossio, ganador al premio \u201cRafael Buelna Tenorio\u201d, el tambi\u00e9n cree en la oportunidad para que todas estas personas con discapacidades puedan desarrollar una vida como cualquier otro ciudadano.<\/p>\n\n\n\n<p>\u201cQuiero decirles, Sinaloa es y ser\u00e1 el primero y \u00fanico estado que est\u00e1 entregando la universalidad, somos los primeros y \u00fanicos en el pa\u00eds, porque en efecto como ya lo dijo Ram\u00f3n, creemos en la oportunidad de desarrollarse como cualquier otra persona a las personas con discapacidad\u201d, aclar\u00f3.<\/p>\n\n\n\n<p>En esta ceremonia tambi\u00e9n estuvieron presentes el alcalde de Culiac\u00e1n, Juan de Dios G\u00e1mez Mend\u00edvil, la alcaldesa de Elota Ana Karen Val Medina, el alcalde de Guasave Mart\u00edn de Jes\u00fas Ahumada Quintero, la diputada y presidenta de la Comisi\u00f3n de la Juventud y el Deporte del H. Congreso de Sinaloa, Mar\u00eda Guadalupe C\u00e1zarez Gallegos, el director del Instituto Sinaloense de la Juventud Sa\u00fal Gerardo Meza L\u00f3pez y Ram\u00f3n Alejandro D\u00edaz Cossio como primer lugar estatal y representante de los galardonados.<\/p>\n","protected":false},"excerpt":{"rendered":"<p>El mandatario estatal asegur\u00f3 que apoyar\u00e1 las iniciativas de los j\u00f3venes reconocidos en esta ceremonia. Culiac\u00e1n, Sinaloa, 28 de octubre del 2022.- El gobernador Rub\u00e9n Rocha Moya realiz\u00f3 la entrega del galard\u00f3n \u201cRafael Buelna Tenorio\u201d 2022 a 16 j\u00f3venes sinaloenses en la modalidad Municipal y a 3 m\u00e1s en la modalidad Estatal, todos ellos reconocidos [&hellip;]<\/p>\n","protected":false},"author":2,"featured_media":22802,"comment_status":"open","ping_status":"open","sticky":false,"template":"","format":"standard","meta":{"_mi_skip_tracking":false,"footnotes":""},"categories":[13],"tags":[1987,134],"class_list":["post-22801","post","type-post","status-publish","format-standard","has-post-thumbnail","hentry","category-sinaloa","tag-juan-de-dios-gamez-mendivil","tag-ruben-rocha-moya"],"_links":{"self":[{"href":"https:\/\/www.puntociegoeditorial.com\/web\/wp-json\/wp\/v2\/posts\/22801","targetHints":{"allow":["GET"]}}],"collection":[{"href":"https:\/\/www.puntociegoeditorial.com\/web\/wp-json\/wp\/v2\/posts"}],"about":[{"href":"https:\/\/www.puntociegoeditorial.com\/web\/wp-json\/wp\/v2\/types\/post"}],"author":[{"embeddable":true,"href":"https:\/\/www.puntociegoeditorial.com\/web\/wp-json\/wp\/v2\/users\/2"}],"replies":[{"embeddable":true,"href":"https:\/\/www.puntociegoeditorial.com\/web\/wp-json\/wp\/v2\/comments?post=22801"}],"version-history":[{"count":1,"href":"https:\/\/www.puntociegoeditorial.com\/web\/wp-json\/wp\/v2\/posts\/22801\/revisions"}],"predecessor-version":[{"id":22803,"href":"https:\/\/www.puntociegoeditorial.com\/web\/wp-json\/wp\/v2\/posts\/22801\/revisions\/22803"}],"wp:featuredmedia":[{"embeddable":true,"href":"https:\/\/www.puntociegoeditorial.com\/web\/wp-json\/wp\/v2\/media\/22802"}],"wp:attachment":[{"href":"https:\/\/www.puntociegoeditorial.com\/web\/wp-json\/wp\/v2\/media?parent=22801"}],"wp:term":[{"taxonomy":"category","embeddable":true,"href":"https:\/\/www.puntociegoeditorial.com\/web\/wp-json\/wp\/v2\/categories?post=22801"},{"taxonomy":"post_tag","embeddable":true,"href":"https:\/\/www.puntociegoeditorial.com\/web\/wp-json\/wp\/v2\/tags?post=22801"}],"curies":[{"name":"wp","href":"https:\/\/api.w.org\/{rel}","templated":true}]}}