{"id":22811,"date":"2022-10-29T13:44:47","date_gmt":"2022-10-29T19:44:47","guid":{"rendered":"http:\/\/puntociegoeditorial.com\/web\/?p=22811"},"modified":"2022-10-29T13:44:47","modified_gmt":"2022-10-29T19:44:47","slug":"atiende-juan-de-dios-gamez-solicitudes-de-vecinos-de-colonias-buenos-aires-y-diana-laura-riojas","status":"publish","type":"post","link":"https:\/\/www.puntociegoeditorial.com\/web\/2022\/10\/29\/atiende-juan-de-dios-gamez-solicitudes-de-vecinos-de-colonias-buenos-aires-y-diana-laura-riojas\/","title":{"rendered":"Atiende Juan de Dios G\u00e1mez solicitudes de vecinos de colonias Buenos Aires y Diana Laura Riojas"},"content":{"rendered":"\n<p>Culiac\u00e1n, Sin.- En cumplimiento al compromiso de atender directamente a la ciudadan\u00eda y contribuir a mejorar su calidad de vida, el alcalde Juan de Dios G\u00e1mez Mend\u00edvil acudi\u00f3 hasta las colonias Buenos Aires y Diana Laura Riojas, donde atendi\u00f3 personalmente las solicitudes de los vecinos, esto acompa\u00f1ado de la regidora Flor Hern\u00e1ndez Mart\u00ednez.<\/p>\n\n\n\n<p>Al arribar al sector Buenos Aires, el presidente municipal fue atendido por los habitantes, quienes agradecieron su disposici\u00f3n para escucharlos y le hicieron saber en primera instancia, la necesidad de pavimentar un tramo de vialidad que cruza entre ambas colonias y topa con la calle Cerro Mojolo, esto debido a que ante las malas condiciones que presenta, el tr\u00e1nsito peatonal y de veh\u00edculos se complica, provocando riesgo de accidentes.<\/p>\n\n\n\n<p>\u201cA partir de ma\u00f1ana mandamos la brigada de limpieza y de Parques y Jardines, primero para limpiar y ma\u00f1ana mismo vienen los de las l\u00e1mparas\u201d, expres\u00f3 el primer edil al ser informado tambi\u00e9n sobre la falta de alumbrado p\u00fablico y de limpieza en un predio que m\u00e1s adelante podr\u00e1 convertirse en un parque p\u00fablico.<\/p>\n\n\n\n<p>G\u00e1mez Mend\u00edvil, explic\u00f3 que se har\u00e1 un levantamiento de este terreno para hacer los tr\u00e1mites necesarios, y una vez concretados se le dotar\u00e1 de lo que se requiera para que todos los habitantes hagan uso de \u00e9l como un espacio para el sano esparcimiento y la actividad f\u00edsica.<\/p>\n\n\n\n<p>Posteriormente, el mandatario municipal acudi\u00f3 al parque que se ubica en la zona, donde corrobor\u00f3 que el canal que por ah\u00ed atraviesa, requiere un barandal, pues es prioridad generar seguridad para los usuarios, y por ello, instruy\u00f3 que se inicie con las gestiones para darle seguimiento a esta solicitud.<\/p>\n\n\n\n<p>De igual modo, fue abordado por madres de ni\u00f1os que practican f\u00fatbol en la cancha de este parque, con quienes se comprometi\u00f3 a que ma\u00f1ana mismo se iniciar\u00e1 con limpieza, rehabilitaci\u00f3n de l\u00e1mparas e instalaci\u00f3n de nuevas con tecnolog\u00eda LED, as\u00ed como avanzar poco a poco con m\u00e1s requerimientos que surjan.<\/p>\n\n\n\n<p>Asimismo, la regidora Flor Hern\u00e1ndez hizo el compromiso de entregar material deportivo para apoyarles, lo cual fue agradecido por las vecinas.<\/p>\n\n\n\n<p>Para el alcalde Juan de Dios G\u00e1mez Mend\u00edvil es primordial continuar con acciones que generen bienestar para la poblaci\u00f3n, es por ello que esta atenci\u00f3n forma parte de ello, y el Ayuntamiento de Culiac\u00e1n continuar\u00e1 trabajando en este sentido.<\/p>\n","protected":false},"excerpt":{"rendered":"<p>Culiac\u00e1n, Sin.- En cumplimiento al compromiso de atender directamente a la ciudadan\u00eda y contribuir a mejorar su calidad de vida, el alcalde Juan de Dios G\u00e1mez Mend\u00edvil acudi\u00f3 hasta las colonias Buenos Aires y Diana Laura Riojas, donde atendi\u00f3 personalmente las solicitudes de los vecinos, esto acompa\u00f1ado de la regidora Flor Hern\u00e1ndez Mart\u00ednez. Al arribar [&hellip;]<\/p>\n","protected":false},"author":2,"featured_media":22812,"comment_status":"open","ping_status":"open","sticky":false,"template":"","format":"standard","meta":{"_mi_skip_tracking":false,"footnotes":""},"categories":[12],"tags":[697,1987],"class_list":["post-22811","post","type-post","status-publish","format-standard","has-post-thumbnail","hentry","category-ciudad","tag-ayuntamiento-de-culiacan","tag-juan-de-dios-gamez-mendivil"],"_links":{"self":[{"href":"https:\/\/www.puntociegoeditorial.com\/web\/wp-json\/wp\/v2\/posts\/22811","targetHints":{"allow":["GET"]}}],"collection":[{"href":"https:\/\/www.puntociegoeditorial.com\/web\/wp-json\/wp\/v2\/posts"}],"about":[{"href":"https:\/\/www.puntociegoeditorial.com\/web\/wp-json\/wp\/v2\/types\/post"}],"author":[{"embeddable":true,"href":"https:\/\/www.puntociegoeditorial.com\/web\/wp-json\/wp\/v2\/users\/2"}],"replies":[{"embeddable":true,"href":"https:\/\/www.puntociegoeditorial.com\/web\/wp-json\/wp\/v2\/comments?post=22811"}],"version-history":[{"count":1,"href":"https:\/\/www.puntociegoeditorial.com\/web\/wp-json\/wp\/v2\/posts\/22811\/revisions"}],"predecessor-version":[{"id":22813,"href":"https:\/\/www.puntociegoeditorial.com\/web\/wp-json\/wp\/v2\/posts\/22811\/revisions\/22813"}],"wp:featuredmedia":[{"embeddable":true,"href":"https:\/\/www.puntociegoeditorial.com\/web\/wp-json\/wp\/v2\/media\/22812"}],"wp:attachment":[{"href":"https:\/\/www.puntociegoeditorial.com\/web\/wp-json\/wp\/v2\/media?parent=22811"}],"wp:term":[{"taxonomy":"category","embeddable":true,"href":"https:\/\/www.puntociegoeditorial.com\/web\/wp-json\/wp\/v2\/categories?post=22811"},{"taxonomy":"post_tag","embeddable":true,"href":"https:\/\/www.puntociegoeditorial.com\/web\/wp-json\/wp\/v2\/tags?post=22811"}],"curies":[{"name":"wp","href":"https:\/\/api.w.org\/{rel}","templated":true}]}}