{"id":23730,"date":"2022-11-18T11:50:43","date_gmt":"2022-11-18T18:50:43","guid":{"rendered":"http:\/\/puntociegoeditorial.com\/web\/?p=23730"},"modified":"2022-11-18T11:50:43","modified_gmt":"2022-11-18T18:50:43","slug":"alcalde-juan-de-dios-gamez-acude-a-la-inauguracion-de-la-expo-ganadera-sinaloa-2022","status":"publish","type":"post","link":"https:\/\/www.puntociegoeditorial.com\/web\/2022\/11\/18\/alcalde-juan-de-dios-gamez-acude-a-la-inauguracion-de-la-expo-ganadera-sinaloa-2022\/","title":{"rendered":"Alcalde Juan de Dios G\u00e1mez acude a la inauguraci\u00f3n de la Expo Ganadera Sinaloa 2022"},"content":{"rendered":"\n<p>Culiac\u00e1n, Sin.- Arranca con \u00e9xito la tan esperada Expo Ganadera Sinaloa 2022, en donde el alcalde de Culiac\u00e1n Juan de Dios G\u00e1mez Mend\u00edvil acompa\u00f1\u00f3 al gobernador Rub\u00e9n Rocha Moya a la ceremonia inauguraci\u00f3n de la edici\u00f3n n\u00famero 46.<\/p>\n\n\n\n<p>Con el tradicional corte de list\u00f3n, dio inicio el gran evento popular que congrega a\u00f1o con a\u00f1o a miles de ganaderos, agricultores y expositores de todo el estado de Sinaloa.<\/p>\n\n\n\n<p>En su intervenci\u00f3n, el presidente municipal refrend\u00f3 su apoyo hacia el sector ganadero, y su disposici\u00f3n en apoyo en la organizaci\u00f3n de este tipo de eventos, que impulsan la econom\u00eda local y promueve el sano esparcimiento social y la sana convivencia familiar.<\/p>\n\n\n\n<p>Del mismo modo motiv\u00f3 a la ciudadan\u00eda a disfrutar de la gran feria que estar\u00e1 hasta el d\u00eda 4 de diciembre.<\/p>\n\n\n\n<p>\u00abDespu\u00e9s de dos a\u00f1os, lleg\u00f3 el momento de que regrese la Feria Ganadera, estamos muy contentos de poder darle la bienvenida a los expositores, a la Uni\u00f3n, a las conferencias, a todo el sector ganadero, nos congratula estar nuevamente aqu\u00ed en este ic\u00f3nico evento regional, nos pone a todos felices, pero sobre todos a los de Culiac\u00e1n, es de suma importancia el retorno de esta feria para reactivaci\u00f3n econ\u00f3mica\u00bb, enfatiz\u00f3 el edil.<\/p>\n\n\n\n<p>Asimismo, felicit\u00f3 a la Uni\u00f3n Ganadera Regional de Sinaloa, que preside Regulo Terraza Romero, por la estrecha coordinaci\u00f3n entre el estado, teniendo grandes aliados como al gobernador Rub\u00e9n Rocha Moya y por supuesto al Ayuntamiento de Culiac\u00e1n para lograr la realizaci\u00f3n de este magna feria.<\/p>\n\n\n\n<p>\u00abReiteramos nuestro apoyo hacia todos, al sector ganadero, decirles que nosotros tambi\u00e9n estamos en este proyecto juntos que sepan que estamos aqu\u00ed y nos vean como sus aliados, cuentan con nosotros para la realizaci\u00f3n de estos eventos, vamos a estar ah\u00ed haciendo equipo con ustedes\u00bb, expres\u00f3 G\u00e1mez Mend\u00edvil.<\/p>\n\n\n\n<p>Por su parte, el gobernador Rub\u00e9n Rocha Moya, indic\u00f3 que los ganaderos en Sinaloa son muy importantes, pues el estado es l\u00edder en ganader\u00eda a nivel nacional, por ello dijo que se enfocar\u00e1n en atender los filtros sanitarios y mejorar la gen\u00e9tica de las reses.<\/p>\n\n\n\n<p>Posterior al acto protocolario, se llev\u00f3 a cabo el recorrido por la extensa exhibici\u00f3n ganadera, en donde las autoridades pudieron apreciar distintas especies bovinas.<\/p>\n\n\n\n<p>Finalmente, invit\u00f3 a la poblaci\u00f3n en general, a asistir a esta fiesta regional, divertirse sanamente y sin excesos, ya que en ella podr\u00e1n disfrutar de la exposici\u00f3n de alrededor de 500 cabezas de ganado, juegos mec\u00e1nicos, gastronom\u00eda y m\u00fasica en el Teatro del Pueblo y el Palenque durante 18 d\u00edas.<\/p>\n","protected":false},"excerpt":{"rendered":"<p>Culiac\u00e1n, Sin.- Arranca con \u00e9xito la tan esperada Expo Ganadera Sinaloa 2022, en donde el alcalde de Culiac\u00e1n Juan de Dios G\u00e1mez Mend\u00edvil acompa\u00f1\u00f3 al gobernador Rub\u00e9n Rocha Moya a la ceremonia inauguraci\u00f3n de la edici\u00f3n n\u00famero 46. Con el tradicional corte de list\u00f3n, dio inicio el gran evento popular que congrega a\u00f1o con a\u00f1o [&hellip;]<\/p>\n","protected":false},"author":2,"featured_media":23731,"comment_status":"open","ping_status":"open","sticky":false,"template":"","format":"standard","meta":{"_mi_skip_tracking":false,"footnotes":""},"categories":[13],"tags":[2568],"class_list":["post-23730","post","type-post","status-publish","format-standard","has-post-thumbnail","hentry","category-sinaloa","tag-expo-ganadera-sinaloa-2022"],"_links":{"self":[{"href":"https:\/\/www.puntociegoeditorial.com\/web\/wp-json\/wp\/v2\/posts\/23730","targetHints":{"allow":["GET"]}}],"collection":[{"href":"https:\/\/www.puntociegoeditorial.com\/web\/wp-json\/wp\/v2\/posts"}],"about":[{"href":"https:\/\/www.puntociegoeditorial.com\/web\/wp-json\/wp\/v2\/types\/post"}],"author":[{"embeddable":true,"href":"https:\/\/www.puntociegoeditorial.com\/web\/wp-json\/wp\/v2\/users\/2"}],"replies":[{"embeddable":true,"href":"https:\/\/www.puntociegoeditorial.com\/web\/wp-json\/wp\/v2\/comments?post=23730"}],"version-history":[{"count":1,"href":"https:\/\/www.puntociegoeditorial.com\/web\/wp-json\/wp\/v2\/posts\/23730\/revisions"}],"predecessor-version":[{"id":23732,"href":"https:\/\/www.puntociegoeditorial.com\/web\/wp-json\/wp\/v2\/posts\/23730\/revisions\/23732"}],"wp:featuredmedia":[{"embeddable":true,"href":"https:\/\/www.puntociegoeditorial.com\/web\/wp-json\/wp\/v2\/media\/23731"}],"wp:attachment":[{"href":"https:\/\/www.puntociegoeditorial.com\/web\/wp-json\/wp\/v2\/media?parent=23730"}],"wp:term":[{"taxonomy":"category","embeddable":true,"href":"https:\/\/www.puntociegoeditorial.com\/web\/wp-json\/wp\/v2\/categories?post=23730"},{"taxonomy":"post_tag","embeddable":true,"href":"https:\/\/www.puntociegoeditorial.com\/web\/wp-json\/wp\/v2\/tags?post=23730"}],"curies":[{"name":"wp","href":"https:\/\/api.w.org\/{rel}","templated":true}]}}