{"id":23733,"date":"2022-11-18T11:51:40","date_gmt":"2022-11-18T18:51:40","guid":{"rendered":"http:\/\/puntociegoeditorial.com\/web\/?p=23733"},"modified":"2022-11-18T11:51:40","modified_gmt":"2022-11-18T18:51:40","slug":"inaugura-rocha-moya-la-expo-ganadera-sinaloa-2022","status":"publish","type":"post","link":"https:\/\/www.puntociegoeditorial.com\/web\/2022\/11\/18\/inaugura-rocha-moya-la-expo-ganadera-sinaloa-2022\/","title":{"rendered":"Inaugura Rocha Moya la Expo Ganadera Sinaloa 2022"},"content":{"rendered":"\n<p>El mandatario estatal se comprometi\u00f3 a impulsar pol\u00edticas p\u00fablicas en beneficio del sector.<\/p>\n\n\n\n<p>Culiac\u00e1n, Sinaloa, a 17 de Noviembre de 2022.- Esta tarde, el Gobernador Rub\u00e9n Rocha Moya, acompa\u00f1ado del Alcalde Juan de Dios G\u00e1mez Mend\u00edvil, encabez\u00f3 la inauguraci\u00f3n de la tradicional Expo Ganadera Sinaloa 2022 que tradicionalmente se realiza en las instalaciones de la Uni\u00f3n Ganadera Regional de Sinaloa (UGRS), que dirige R\u00e9gulo Terraza Romero, quien fungi\u00f3 como anfitri\u00f3n del evento.<\/p>\n\n\n\n<p>Durante su intervenci\u00f3n, Rocha Moya se refiri\u00f3 a la importancia de implementar pol\u00edticas p\u00fablicas que permitan recuperar de nuevo el estatus zoosanitario y evitar la incidencia de influenza aviar en el estado, reiterando su compromiso con el sector para destinar recursos que permitan compensar a los ganaderos el sacrificio de las reses enfermas, sobre todo a quienes tienen hatos peque\u00f1os, a trav\u00e9s del fortalecimiento de este programa con recurso suficiente en el presupuesto del ejercicio 2023 y de acciones que permitan elevar la gen\u00e9tica del ganado.<\/p>\n\n\n\n<p>\u00abTenemos que, no s\u00f3lo atender estos temas fitosanitarios, hay que defender la mejora gen\u00e9tica, tenemos, estamos m\u00e1s o menos bien, pero debemos estar mejor. Vamos a fortalecer la siembra de pastizales, porque eso nos da garant\u00eda de que se alimenten bien las vacas, los becerros, los toros y podamos elevar su gen\u00e9tica y su fertilidad sobre todo. He checado que no estamos muy muy bien en la fertilidad. Necesitamos hacer que el tema reproductor en el ganado aumente, para eso vamos a estar con ustedes, vamos a apoyarlos, vamos a seguir estando cerca\u00bb, precis\u00f3 el Gobernador.<\/p>\n\n\n\n<p>Por su parte, el Presidente de la Uni\u00f3n Ganadera Regional de Sinaloa, destac\u00f3 que tienen el reto de recibir a 500 mil visitantes durante los 18 d\u00edas que estar\u00e1 abierta la Expo Ganadera, para reanudar de la mejor manera, despu\u00e9s de dos a\u00f1os de no poder realizarla por motivo de la pandemia.<\/p>\n\n\n\n<p>\u00abLes doy la m\u00e1s cordial bienvenida a esta su casa, la casa del ganadero, la casa del pueblo de Sinaloa. Quiero agradecer enf\u00e1ticamente el esfuerzo de cada uno de ustedes para atender nuestra invitaci\u00f3n. Este d\u00eda estamos de fiesta, porque arrancar un evento que en los \u00faltimos a\u00f1os hab\u00eda estado suspendido, eso celebramos, que hoy, estamos otra vez de pie, listos para celebrar, sin embargo, hoy regresamos con m\u00e1s fuerza y con m\u00e1s ganas de salir adelante\u00bb, se\u00f1al\u00f3 Terraza Romero.<\/p>\n\n\n\n<p>Al concluir el acto inaugural, el Gobernador realiz\u00f3 un recorrido en compa\u00f1\u00eda de los asistentes, por las distintas galer\u00edas de exhibici\u00f3n de ganado bovino, ovicaprino y porcino, aprovechando para saludar a m\u00faltiples familias que disfrutaban de la exposici\u00f3n.<\/p>\n\n\n\n<p>Durante el evento inaugural destac\u00f3 la presencia de Homero Garc\u00eda de la Llata, Presidente de la Confederaci\u00f3n Nacional de Organizaciones Ganaderas (CNOG), Ricardo Madrid P\u00e9rez, Presidente de la Mesa Directiva del Congreso del Estado, Jos\u00e9 Jaime Montes Salas, Secretario de Agricultura, Odilon Velazquez Fern\u00e1ndez, representante de SADER, Roel Garc\u00eda Heredia, representante de SENASICA, diputados locales, funcionarios, presidentes de las asociaciones ganaderas locales y criadores de ganado.<\/p>\n","protected":false},"excerpt":{"rendered":"<p>El mandatario estatal se comprometi\u00f3 a impulsar pol\u00edticas p\u00fablicas en beneficio del sector. Culiac\u00e1n, Sinaloa, a 17 de Noviembre de 2022.- Esta tarde, el Gobernador Rub\u00e9n Rocha Moya, acompa\u00f1ado del Alcalde Juan de Dios G\u00e1mez Mend\u00edvil, encabez\u00f3 la inauguraci\u00f3n de la tradicional Expo Ganadera Sinaloa 2022 que tradicionalmente se realiza en las instalaciones de la [&hellip;]<\/p>\n","protected":false},"author":2,"featured_media":23734,"comment_status":"open","ping_status":"open","sticky":false,"template":"","format":"standard","meta":{"_mi_skip_tracking":false,"footnotes":""},"categories":[13],"tags":[],"class_list":["post-23733","post","type-post","status-publish","format-standard","has-post-thumbnail","hentry","category-sinaloa"],"_links":{"self":[{"href":"https:\/\/www.puntociegoeditorial.com\/web\/wp-json\/wp\/v2\/posts\/23733","targetHints":{"allow":["GET"]}}],"collection":[{"href":"https:\/\/www.puntociegoeditorial.com\/web\/wp-json\/wp\/v2\/posts"}],"about":[{"href":"https:\/\/www.puntociegoeditorial.com\/web\/wp-json\/wp\/v2\/types\/post"}],"author":[{"embeddable":true,"href":"https:\/\/www.puntociegoeditorial.com\/web\/wp-json\/wp\/v2\/users\/2"}],"replies":[{"embeddable":true,"href":"https:\/\/www.puntociegoeditorial.com\/web\/wp-json\/wp\/v2\/comments?post=23733"}],"version-history":[{"count":1,"href":"https:\/\/www.puntociegoeditorial.com\/web\/wp-json\/wp\/v2\/posts\/23733\/revisions"}],"predecessor-version":[{"id":23735,"href":"https:\/\/www.puntociegoeditorial.com\/web\/wp-json\/wp\/v2\/posts\/23733\/revisions\/23735"}],"wp:featuredmedia":[{"embeddable":true,"href":"https:\/\/www.puntociegoeditorial.com\/web\/wp-json\/wp\/v2\/media\/23734"}],"wp:attachment":[{"href":"https:\/\/www.puntociegoeditorial.com\/web\/wp-json\/wp\/v2\/media?parent=23733"}],"wp:term":[{"taxonomy":"category","embeddable":true,"href":"https:\/\/www.puntociegoeditorial.com\/web\/wp-json\/wp\/v2\/categories?post=23733"},{"taxonomy":"post_tag","embeddable":true,"href":"https:\/\/www.puntociegoeditorial.com\/web\/wp-json\/wp\/v2\/tags?post=23733"}],"curies":[{"name":"wp","href":"https:\/\/api.w.org\/{rel}","templated":true}]}}