{"id":23736,"date":"2022-11-18T11:52:28","date_gmt":"2022-11-18T18:52:28","guid":{"rendered":"http:\/\/puntociegoeditorial.com\/web\/?p=23736"},"modified":"2022-11-18T11:52:28","modified_gmt":"2022-11-18T18:52:28","slug":"todo-un-exito-el-inicio-del-foro-medioambiental-biosinaloa","status":"publish","type":"post","link":"https:\/\/www.puntociegoeditorial.com\/web\/2022\/11\/18\/todo-un-exito-el-inicio-del-foro-medioambiental-biosinaloa\/","title":{"rendered":"Todo un \u00e9xito el inicio del Foro MedioAmbiental BioSinaloa"},"content":{"rendered":"\n<p>La Secretaria Mar\u00eda In\u00e9s P\u00e9rez realiz\u00f3 a nombre del Gobernador Rub\u00e9n Rocha Moya el primer evento que busca dar a conocer el uso alternativo del pl\u00e1stico en empresas, en la comunidad y en la vida diaria organizado por SEBIDES en coordinaci\u00f3n con la Secretar\u00eda de Econom\u00eda, SEPyC y CODESIN.<\/p>\n\n\n\n<p>Culiac\u00e1n, Sinaloa, a 17 de Noviembre de 2022.- La administraci\u00f3n encabezada por el Gobernador Rub\u00e9n Rocha Moya tiene un compromiso indeclinable con el medio ambiente y con la sostenibilidad como criterio transversal de las pol\u00edticas aplicables afirm\u00f3 la Secretaria Mar\u00eda In\u00e9s P\u00e9rez Corral.<br>La titular de Bienestar y Desarrollo Sustentable, durante la inauguraci\u00f3n del 1er. Foro MedioAmbiental Bio Sinaloa, expres\u00f3 este evento busca dotar a toda la sociedad, empresarios, amas de casa, estudiantes y todas y todos los sinaloenses las alternativas al uso de pl\u00e1sticos de un solo uso.<br>\u201cEn estos d\u00edas, precisamente, la prensa mundial y los expertos debaten sobre los desaf\u00edos que representa una poblaci\u00f3n mundial cifrada en los 8 mil millones de habitantes del planeta, la presi\u00f3n sobre los recursos del planeta, la huella humana sobre la tierra, el agua y el aire, sobre la biodiversidad y los bosques, es colosal y Sinaloa no se escapa de ello\u201d, afirm\u00f3.<br>\u201cDe este primer foro medioambiental estatal Bio Sinaloa 2022 se reflexiona que al a\u00f1o 2021, la recolecci\u00f3n de residuos s\u00f3lidos en el estado es de 3 mil 089 toneladas al d\u00eda en comparaci\u00f3n con las de 2, mil 494 que se recog\u00edan en 2017, lo que dice que aumentamos mucho, lo que marca que el 16.% es pl\u00e1stico de diverso tipo, lo que representa un gran problema para nuestro medio ambiente\u201d, continuo.<br>Record\u00f3 que este esfuerzo por eliminar los pl\u00e1sticos de un solo uso debe incluir a todos, sociedad y gobierno, para que se mitigue su impacto en el medio ambiente.<br>En su mensaje de bienvenida, la coordinadora de gobernanza en M\u00e9xico del programa de Naciones Unidas por el Medio Ambiente, Ari Esmirna M\u00e1rquez Silva, menciona que cada a\u00f1o llegan al oc\u00e9ano 11 millones de toneladas de residuos pl\u00e1sticas a los oc\u00e9anos, si no tomamos medidas urgentes, estas cifras podr\u00edan triplicarse para el 2040, m\u00e1s de 800m especies marinas y costeras ser\u00e1n afectadas por esta contaminaci\u00f3n, adem\u00e1s de que la exposici\u00f3n a los pl\u00e1sticos perjudica nuestra salud.<br>\u201cTodos los pa\u00edses que conforman las Naciones Unidas est\u00e1n comprometidos a tomar acciones para evitar esta contaminaci\u00f3n. El d\u00eda de hoy el estado de Sinaloa refrenda su adhesi\u00f3n a la campa\u00f1a de mares m\u00e1s limpios, reafirmando su compromiso en favor de la protecci\u00f3n del medio ambiente, de nuestros mares, y el derecho humano de tener un ambiente sano\u201d, coment\u00f3.<br>Por su parte, el investigador del centro interdisciplinario de Investigaci\u00f3n en Alimentaci\u00f3n y Desarrollo, Miguel Betancourt, explic\u00f3 que celebra el trabajo de Sinaloa para generar conciencia sobre los pl\u00e1sticos de un solo uso, pero sobre todo buscar alternativas para evitarlos en toda la sociedad.<br>\u201cEs algo muy emocionante, pero si somos sinceros llegamos un poco tarde, es algo que ya nos esta rebasando a nivel mundial, y las acciones que hacemos ahora no son para el futuro, sino para ahora\u2026 BioSinaloa, el compromiso que representa, es no quedarnos en las alternativas al pl\u00e1stico, sino ir m\u00e1s adelante para cuidar nuestro ambiente\u201d, afirm\u00f3.<br>Presentes en la inauguraci\u00f3n del evento que se lleva a cabo 17 y 18 de noviembre con exposiciones y conferencias magistrales estuvieron la Secretaria de Educaci\u00f3n P\u00fablica y Cultura, Graciela Dom\u00ednguez Nava, el Subsecretario de Econom\u00eda Ahuizotl L\u00f3pez, el presidente de la mesa directiva del Congreso del Estado de Sinaloa, Ricardo Madrid, as\u00ed como las subsecretar\u00edas de SEBIDES, Yamel Rubio, Nict\u00e9 Loi Cece\u00f1a y Sthefany Rea.<br>Adem\u00e1s participaron la Subsecretar\u00eda de las Mujeres, Rosa Elena Mill\u00e1n, los alcaldes y alcaldesas de Escuinapa, Elota, Badiraguato, Guasave, El Fuerte, as\u00ed como diputadas y diputados locales y federales, entre otros.<\/p>\n","protected":false},"excerpt":{"rendered":"<p>La Secretaria Mar\u00eda In\u00e9s P\u00e9rez realiz\u00f3 a nombre del Gobernador Rub\u00e9n Rocha Moya el primer evento que busca dar a conocer el uso alternativo del pl\u00e1stico en empresas, en la comunidad y en la vida diaria organizado por SEBIDES en coordinaci\u00f3n con la Secretar\u00eda de Econom\u00eda, SEPyC y CODESIN. Culiac\u00e1n, Sinaloa, a 17 de Noviembre [&hellip;]<\/p>\n","protected":false},"author":2,"featured_media":23737,"comment_status":"open","ping_status":"open","sticky":false,"template":"","format":"standard","meta":{"_mi_skip_tracking":false,"footnotes":""},"categories":[13],"tags":[],"class_list":["post-23736","post","type-post","status-publish","format-standard","has-post-thumbnail","hentry","category-sinaloa"],"_links":{"self":[{"href":"https:\/\/www.puntociegoeditorial.com\/web\/wp-json\/wp\/v2\/posts\/23736","targetHints":{"allow":["GET"]}}],"collection":[{"href":"https:\/\/www.puntociegoeditorial.com\/web\/wp-json\/wp\/v2\/posts"}],"about":[{"href":"https:\/\/www.puntociegoeditorial.com\/web\/wp-json\/wp\/v2\/types\/post"}],"author":[{"embeddable":true,"href":"https:\/\/www.puntociegoeditorial.com\/web\/wp-json\/wp\/v2\/users\/2"}],"replies":[{"embeddable":true,"href":"https:\/\/www.puntociegoeditorial.com\/web\/wp-json\/wp\/v2\/comments?post=23736"}],"version-history":[{"count":1,"href":"https:\/\/www.puntociegoeditorial.com\/web\/wp-json\/wp\/v2\/posts\/23736\/revisions"}],"predecessor-version":[{"id":23738,"href":"https:\/\/www.puntociegoeditorial.com\/web\/wp-json\/wp\/v2\/posts\/23736\/revisions\/23738"}],"wp:featuredmedia":[{"embeddable":true,"href":"https:\/\/www.puntociegoeditorial.com\/web\/wp-json\/wp\/v2\/media\/23737"}],"wp:attachment":[{"href":"https:\/\/www.puntociegoeditorial.com\/web\/wp-json\/wp\/v2\/media?parent=23736"}],"wp:term":[{"taxonomy":"category","embeddable":true,"href":"https:\/\/www.puntociegoeditorial.com\/web\/wp-json\/wp\/v2\/categories?post=23736"},{"taxonomy":"post_tag","embeddable":true,"href":"https:\/\/www.puntociegoeditorial.com\/web\/wp-json\/wp\/v2\/tags?post=23736"}],"curies":[{"name":"wp","href":"https:\/\/api.w.org\/{rel}","templated":true}]}}