{"id":23739,"date":"2022-11-18T11:53:39","date_gmt":"2022-11-18T18:53:39","guid":{"rendered":"http:\/\/puntociegoeditorial.com\/web\/?p=23739"},"modified":"2022-11-18T11:53:39","modified_gmt":"2022-11-18T18:53:39","slug":"comuna-impulsa-obras-de-reencarpetado-y-reductores-de-velocidad-en-la-ciudad","status":"publish","type":"post","link":"https:\/\/www.puntociegoeditorial.com\/web\/2022\/11\/18\/comuna-impulsa-obras-de-reencarpetado-y-reductores-de-velocidad-en-la-ciudad\/","title":{"rendered":"Comuna impulsa obras de reencarpetado y reductores de velocidad en la ciudad"},"content":{"rendered":"\n<p>Culiac\u00e1n, Sin.- El mantenimiento preventivo, correctivo de la infraestructura vial del municipio avanza de forma continua a trav\u00e9s de Obras de reencarpetado e instalaci\u00f3n de pasos seguros para los peatones.<\/p>\n\n\n\n<p>Debido al avanzado deterioro de la calle Querubines en el fraccionamiento Los \u00c1ngeles, la Secretar\u00eda de Obras y Servicios P\u00fablicos realiz\u00f3 la aplicaci\u00f3n del reencarpetado mejorando considerablemente la movilidad de los conductores.<\/p>\n\n\n\n<p>Adem\u00e1s del desarrollo de dichos trabajos, el Departamento de Conservaci\u00f3n y Mantenimiento e Infraestructura realiz\u00f3 restauraci\u00f3n de tramos afectados en los siguientes puntos:<\/p>\n\n\n\n<p>\u2022 Bulevar Francisco I. Madero<\/p>\n\n\n\n<p>\u2022 Maqu\u00edo Clouthier<\/p>\n\n\n\n<p>\u2022 Fracc. San Isidro<\/p>\n\n\n\n<p>\u2022 Fracc. Nuevo Culiac\u00e1n<\/p>\n\n\n\n<p>En este orden, cuadrillas de la Comuna llevaron a cabo la instalaci\u00f3n de reductores de velocidad en las calles del fraccionamiento Stanza Toscana, espacios en los que se busca dar prioridad a las personas que cruzan diariamente las r\u00faas.<\/p>\n\n\n\n<p>Estas obras continuar\u00e1n su curso con la finalidad de mejorar las calles y bulevares que registran da\u00f1os visibles, adem\u00e1s de acondicionarlas para el desplazamiento seguro de todos los peatones.<\/p>\n","protected":false},"excerpt":{"rendered":"<p>Culiac\u00e1n, Sin.- El mantenimiento preventivo, correctivo de la infraestructura vial del municipio avanza de forma continua a trav\u00e9s de Obras de reencarpetado e instalaci\u00f3n de pasos seguros para los peatones. Debido al avanzado deterioro de la calle Querubines en el fraccionamiento Los \u00c1ngeles, la Secretar\u00eda de Obras y Servicios P\u00fablicos realiz\u00f3 la aplicaci\u00f3n del reencarpetado [&hellip;]<\/p>\n","protected":false},"author":2,"featured_media":23740,"comment_status":"open","ping_status":"open","sticky":false,"template":"","format":"standard","meta":{"_mi_skip_tracking":false,"footnotes":""},"categories":[12],"tags":[697],"class_list":["post-23739","post","type-post","status-publish","format-standard","has-post-thumbnail","hentry","category-ciudad","tag-ayuntamiento-de-culiacan"],"_links":{"self":[{"href":"https:\/\/www.puntociegoeditorial.com\/web\/wp-json\/wp\/v2\/posts\/23739","targetHints":{"allow":["GET"]}}],"collection":[{"href":"https:\/\/www.puntociegoeditorial.com\/web\/wp-json\/wp\/v2\/posts"}],"about":[{"href":"https:\/\/www.puntociegoeditorial.com\/web\/wp-json\/wp\/v2\/types\/post"}],"author":[{"embeddable":true,"href":"https:\/\/www.puntociegoeditorial.com\/web\/wp-json\/wp\/v2\/users\/2"}],"replies":[{"embeddable":true,"href":"https:\/\/www.puntociegoeditorial.com\/web\/wp-json\/wp\/v2\/comments?post=23739"}],"version-history":[{"count":1,"href":"https:\/\/www.puntociegoeditorial.com\/web\/wp-json\/wp\/v2\/posts\/23739\/revisions"}],"predecessor-version":[{"id":23741,"href":"https:\/\/www.puntociegoeditorial.com\/web\/wp-json\/wp\/v2\/posts\/23739\/revisions\/23741"}],"wp:featuredmedia":[{"embeddable":true,"href":"https:\/\/www.puntociegoeditorial.com\/web\/wp-json\/wp\/v2\/media\/23740"}],"wp:attachment":[{"href":"https:\/\/www.puntociegoeditorial.com\/web\/wp-json\/wp\/v2\/media?parent=23739"}],"wp:term":[{"taxonomy":"category","embeddable":true,"href":"https:\/\/www.puntociegoeditorial.com\/web\/wp-json\/wp\/v2\/categories?post=23739"},{"taxonomy":"post_tag","embeddable":true,"href":"https:\/\/www.puntociegoeditorial.com\/web\/wp-json\/wp\/v2\/tags?post=23739"}],"curies":[{"name":"wp","href":"https:\/\/api.w.org\/{rel}","templated":true}]}}