{"id":2447,"date":"2021-10-05T17:25:44","date_gmt":"2021-10-05T23:25:44","guid":{"rendered":"https:\/\/puntociegoeditorial.com\/web\/?p=2447"},"modified":"2021-10-05T17:25:44","modified_gmt":"2021-10-05T23:25:44","slug":"declaran-constituidos-cuatro-grupos-parlamentarios-de-la-64-legislatura","status":"publish","type":"post","link":"https:\/\/www.puntociegoeditorial.com\/web\/2021\/10\/05\/declaran-constituidos-cuatro-grupos-parlamentarios-de-la-64-legislatura\/","title":{"rendered":"Declaran constituidos cuatro grupos parlamentarios de la 64 Legislatura"},"content":{"rendered":"\n<p>En su primera sesi\u00f3n ordinaria, la Sesenta y Cuatro Legislatura del Congreso del Estado de Sinaloa declar\u00f3 constituidos los grupos parlamentarios de Morena, PAS, PRI y PAN.<br>La Mesa Directiva, que preside el diputado Gene Ren\u00e9 Boj\u00f3rquez Ruiz, dio lectura a oficios enviados por los respectivos coordinadores de los grupos parlamentarios de Morena, PRI y PAN.<br>De parte de Morena, se dio lectura a oficio enviado por el diputado Feliciano Castro Mel\u00e9ndrez, donde informa de la integraci\u00f3n del grupo parlamentario de su partido con 20 diputados y diputadas, y de la decisi\u00f3n de nombrarlo a \u00e9l como coordinador del mismo.<br>En el caso del PAS, el presidente del partido, H\u00e9ctor Melesio Cuen Ojeda, fue quien envi\u00f3 el oficio, informando la integraci\u00f3n de su grupo parlamentario con ocho diputados y diputadas, y que es coordinado por la diputada Alba Virgen Montes \u00c1lvarez.<br>El diputado Ricardo Madrid P\u00e9rez, entreg\u00f3 oficio en el que informa de la integraci\u00f3n del grupo parlamentario del PRI con ocho diputadas y diputados, y de la decisi\u00f3n del mismo de nombrarlo como coordinador.<br>Del PAN, el diputado Adolfo Beltr\u00e1n Corrales, tambi\u00e9n entreg\u00f3 oficio en el que se da cuenta de la integraci\u00f3n del grupo parlamentario con dos integrantes, del cual fue nombrado coordinador por el presidente estatal de este instituto pol\u00edtico, Juan Carlos Estrada.<br>El presidente de la Mesa Directiva, Gene Ren\u00e9 Boj\u00f3rquez, explic\u00f3 que el objetivo de formar los grupos parlamentarios es coadyuvar al mejor desarrollo del proceso legislativo y facilitar la participaci\u00f3n de diputadas y diputados en las tareas camarales, adem\u00e1s de contribuir, orientar y estimular la formaci\u00f3n de criterios comunes en las discusiones y deliberaciones en las que participen sus integrantes.<br>Expuso que con base en los art\u00edculos que van del 48 al 53 de la Ley Org\u00e1nica del Congreso del Estado se hace la declaratoria de constituci\u00f3n de los grupos parlamentarios que funcionar\u00e1n al interior de la 64 Legislatura y que a partir de la fecha ejercer\u00e1n las atribuciones que les confiere la Ley Org\u00e1nica.<br>Orden\u00f3 que la declaratoria se publique en el Peri\u00f3dico Oficial \u201cEl Estado de Sinaloa\u201d y se comunique al Ejecutivo estatal, el Supremo Tribunal de Justicia y a las Legislatura de los estados para su conocimiento y efectos correspondientes.<\/p>\n\n\n\n<p>Grupo Parlamentario de Morena<br>Feliciano Castro Mel\u00e9ndrez. Coordinador<br>Juana Minerva V\u00e1zquez Gonz\u00e1lez<br>C\u00e9sar Ismael Guerrero Alarc\u00f3n<br>Cecilia Covarrubias Gonz\u00e1lez<br>Fel\u00edcita Pompa Robles<br>Ambrocio Ch\u00e1vez Ch\u00e1vez<br>Marco C\u00e9sar Almaral Rodr\u00edguez<br>Almendra Ernestina Negrete S\u00e1nchez<br>Jes\u00fas Alfonso Ibarra Ramos<br>Mar\u00eda Victoria S\u00e1nchez Pe\u00f1a<br>Marco Antonio Zazueta Zazueta<br>Serapio Vargas Ram\u00edrez<br>Alma Rosa Garz\u00f3n Aguilar<br>Flor Emilia Guerra Mena<br>Juan Carlos Patr\u00f3n Rosales<br>Mar\u00eda Aurelia Leal L\u00f3pez<br>Jos\u00e9 Manuel Luque Rojas<br>Ver\u00f3nica Guadalupe B\u00e1tiz Acosta.<br>Pedro Alonso Villegas Lobo<br>Nela Rosiely S\u00e1nchez S\u00e1nchez<\/p>\n\n\n\n<p>PAS<br>Alba Virgen Montes \u00c1lvarez. Coordinadora.<br>Gene Ren\u00e9 Boj\u00f3rquez Ruiz<br>Mart\u00edn Vega \u00c1lvarez<br>Elizabeth Ch\u00eda Galaviz<br>Luz Ver\u00f3nica Avil\u00e9s Roch\u00edn<br>Viridiana Camacho Mill\u00e1n<br>Mar\u00eda del Rosario Osuna Guti\u00e9rrez<br>Rosario Guadalupe Sarabia Soto<\/p>\n\n\n\n<p>PRI<br>Ricardo Madrid P\u00e9rez. Coordinador<br>Feliciano Valle Sandoval<br>Concepci\u00f3n Zazueta Castro<br>Cinthia Valenzuela Langarica<br>Sergio Mario Arredondo Salas<br>Deisy Judith Ayala Valenzuela<br>Luis Javier de la Rocha Zazueta<br>Gloria Himelda F\u00e9lix Niebla<\/p>\n\n\n\n<p>PAN<br>Adolfo Beltr\u00e1n Corrales. Coordinador<br>Giovanna Morachis Paperini<\/p>\n\n\n\n<p>Diputadas que no forman grupo parlamentario<\/p>\n\n\n\n<p>Movimiento Ciudadano<br>Celia J\u00e1uregui Ibarra<\/p>\n\n\n\n<p>Partido del Trabajo<br>Mar\u00eda Guadalupe C\u00e1zarez Gallegos<\/p>\n","protected":false},"excerpt":{"rendered":"<p>En su primera sesi\u00f3n ordinaria, la Sesenta y Cuatro Legislatura del Congreso del Estado de Sinaloa declar\u00f3 constituidos los grupos parlamentarios de Morena, PAS, PRI y PAN.La Mesa Directiva, que preside el diputado Gene Ren\u00e9 Boj\u00f3rquez Ruiz, dio lectura a oficios enviados por los respectivos coordinadores de los grupos parlamentarios de Morena, PRI y PAN.De [&hellip;]<\/p>\n","protected":false},"author":2,"featured_media":2448,"comment_status":"open","ping_status":"open","sticky":false,"template":"","format":"standard","meta":{"_mi_skip_tracking":false,"footnotes":""},"categories":[13],"tags":[507,47,227,379],"class_list":["post-2447","post","type-post","status-publish","format-standard","has-post-thumbnail","hentry","category-sinaloa","tag-64-legislatura","tag-congreso-del-estado","tag-morena","tag-pri"],"_links":{"self":[{"href":"https:\/\/www.puntociegoeditorial.com\/web\/wp-json\/wp\/v2\/posts\/2447","targetHints":{"allow":["GET"]}}],"collection":[{"href":"https:\/\/www.puntociegoeditorial.com\/web\/wp-json\/wp\/v2\/posts"}],"about":[{"href":"https:\/\/www.puntociegoeditorial.com\/web\/wp-json\/wp\/v2\/types\/post"}],"author":[{"embeddable":true,"href":"https:\/\/www.puntociegoeditorial.com\/web\/wp-json\/wp\/v2\/users\/2"}],"replies":[{"embeddable":true,"href":"https:\/\/www.puntociegoeditorial.com\/web\/wp-json\/wp\/v2\/comments?post=2447"}],"version-history":[{"count":1,"href":"https:\/\/www.puntociegoeditorial.com\/web\/wp-json\/wp\/v2\/posts\/2447\/revisions"}],"predecessor-version":[{"id":2449,"href":"https:\/\/www.puntociegoeditorial.com\/web\/wp-json\/wp\/v2\/posts\/2447\/revisions\/2449"}],"wp:featuredmedia":[{"embeddable":true,"href":"https:\/\/www.puntociegoeditorial.com\/web\/wp-json\/wp\/v2\/media\/2448"}],"wp:attachment":[{"href":"https:\/\/www.puntociegoeditorial.com\/web\/wp-json\/wp\/v2\/media?parent=2447"}],"wp:term":[{"taxonomy":"category","embeddable":true,"href":"https:\/\/www.puntociegoeditorial.com\/web\/wp-json\/wp\/v2\/categories?post=2447"},{"taxonomy":"post_tag","embeddable":true,"href":"https:\/\/www.puntociegoeditorial.com\/web\/wp-json\/wp\/v2\/tags?post=2447"}],"curies":[{"name":"wp","href":"https:\/\/api.w.org\/{rel}","templated":true}]}}