{"id":2450,"date":"2021-10-05T21:07:57","date_gmt":"2021-10-06T03:07:57","guid":{"rendered":"https:\/\/puntociegoeditorial.com\/web\/?p=2450"},"modified":"2021-10-05T21:07:57","modified_gmt":"2021-10-06T03:07:57","slug":"en-ahome-cierran-tres-escuelas-por-covid-19","status":"publish","type":"post","link":"https:\/\/www.puntociegoeditorial.com\/web\/2021\/10\/05\/en-ahome-cierran-tres-escuelas-por-covid-19\/","title":{"rendered":"En Ahome cierran tres escuelas por Covid-19"},"content":{"rendered":"\n<p>Los Mochis, Sin.- En el municipio de Ahome se han registrado tres casos de coronavirus en escuelas por motivo de las clases presenciales, revel\u00f3 No\u00e9 Ur\u00edas Ben\u00edtez.<\/p>\n\n\n\n<p>El Jefe de Servicios Regionales de la SEPyC en Ahome inform\u00f3 que en la escuela primaria Nicol\u00e1s Bravo, que se ubica en el ejido Los Su\u00e1rez se detect\u00f3 el contagio de una ni\u00f1a de segundo grado y por ello se cerr\u00f3 el plantel.<\/p>\n\n\n\n<p>Adem\u00e1s, en el k\u00ednder Ovidio Decroly en Los Mochis la presidenta de la Asociaci\u00f3n de Padres de Familia dio positivo en la prueba PCR y aqu\u00ed tambi\u00e9n se cerr\u00f3 el plantel.<\/p>\n\n\n\n<p>El tercer caso se registr\u00f3 en el jard\u00edn de ni\u00f1os Jaime Nuno, en el ejido Los Su\u00e1rez.<\/p>\n\n\n\n<p>A\u00f1adi\u00f3 que estas escuelas estar\u00e1n cerradas durante 14 d\u00edas y por el momento los ni\u00f1os tomar\u00e1n clases de forma virtual, ya que se desinfectar\u00e1n las aulas.<\/p>\n","protected":false},"excerpt":{"rendered":"<p>Los Mochis, Sin.- En el municipio de Ahome se han registrado tres casos de coronavirus en escuelas por motivo de las clases presenciales, revel\u00f3 No\u00e9 Ur\u00edas Ben\u00edtez. El Jefe de Servicios Regionales de la SEPyC en Ahome inform\u00f3 que en la escuela primaria Nicol\u00e1s Bravo, que se ubica en el ejido Los Su\u00e1rez se detect\u00f3 [&hellip;]<\/p>\n","protected":false},"author":2,"featured_media":2451,"comment_status":"open","ping_status":"open","sticky":false,"template":"","format":"standard","meta":{"_mi_skip_tracking":false,"footnotes":""},"categories":[13],"tags":[218,211,580,21],"class_list":["post-2450","post","type-post","status-publish","format-standard","has-post-thumbnail","hentry","category-sinaloa","tag-ahome","tag-covid","tag-escuela","tag-sinaloa"],"_links":{"self":[{"href":"https:\/\/www.puntociegoeditorial.com\/web\/wp-json\/wp\/v2\/posts\/2450","targetHints":{"allow":["GET"]}}],"collection":[{"href":"https:\/\/www.puntociegoeditorial.com\/web\/wp-json\/wp\/v2\/posts"}],"about":[{"href":"https:\/\/www.puntociegoeditorial.com\/web\/wp-json\/wp\/v2\/types\/post"}],"author":[{"embeddable":true,"href":"https:\/\/www.puntociegoeditorial.com\/web\/wp-json\/wp\/v2\/users\/2"}],"replies":[{"embeddable":true,"href":"https:\/\/www.puntociegoeditorial.com\/web\/wp-json\/wp\/v2\/comments?post=2450"}],"version-history":[{"count":1,"href":"https:\/\/www.puntociegoeditorial.com\/web\/wp-json\/wp\/v2\/posts\/2450\/revisions"}],"predecessor-version":[{"id":2452,"href":"https:\/\/www.puntociegoeditorial.com\/web\/wp-json\/wp\/v2\/posts\/2450\/revisions\/2452"}],"wp:featuredmedia":[{"embeddable":true,"href":"https:\/\/www.puntociegoeditorial.com\/web\/wp-json\/wp\/v2\/media\/2451"}],"wp:attachment":[{"href":"https:\/\/www.puntociegoeditorial.com\/web\/wp-json\/wp\/v2\/media?parent=2450"}],"wp:term":[{"taxonomy":"category","embeddable":true,"href":"https:\/\/www.puntociegoeditorial.com\/web\/wp-json\/wp\/v2\/categories?post=2450"},{"taxonomy":"post_tag","embeddable":true,"href":"https:\/\/www.puntociegoeditorial.com\/web\/wp-json\/wp\/v2\/tags?post=2450"}],"curies":[{"name":"wp","href":"https:\/\/api.w.org\/{rel}","templated":true}]}}