{"id":25676,"date":"2023-01-10T11:43:59","date_gmt":"2023-01-10T18:43:59","guid":{"rendered":"http:\/\/puntociegoeditorial.com\/web\/?p=25676"},"modified":"2023-01-10T11:43:59","modified_gmt":"2023-01-10T18:43:59","slug":"arlette-diaz-leon-rinde-protesta-como-secretaria-de-obras-y-servicios-publicos","status":"publish","type":"post","link":"https:\/\/www.puntociegoeditorial.com\/web\/2023\/01\/10\/arlette-diaz-leon-rinde-protesta-como-secretaria-de-obras-y-servicios-publicos\/","title":{"rendered":"Arlette D\u00edaz Le\u00f3n rinde protesta como Secretaria de Obras y Servicios P\u00fablicos"},"content":{"rendered":"\n<p>Culiac\u00e1n, Sin., a 10 de enero de 2023.- Bajo el compromiso de fortalecer y dar continuidad a la importante tarea de entregar obras y prestar servicios p\u00fablicos de calidad en beneficio de los culiacanenses, esta ma\u00f1ana, el alcalde Juan de Dios G\u00e1mez Mend\u00edvil tom\u00f3 protesta a Arlette D\u00edaz Le\u00f3n, como titular de la Secretar\u00eda de Obras y Servicios P\u00fablicos.<br>Arlette D\u00edaz ven\u00eda desempe\u00f1\u00e1ndose como directora de Obras P\u00fablicas, y hoy asume la Secretar\u00eda tras la reciente designaci\u00f3n de su extitular, Roberto Zazueta Tapia, como gerente general de la Junta de Agua Potable y Alcantarillado de Culiac\u00e1n.<br>D\u00edaz Le\u00f3n estudi\u00f3 en la Facultad de Arquitectura de la Universidad Aut\u00f3noma de Sinaloa, cuenta con cursos de capacitaci\u00f3n especializada en temas de Auditor\u00eda al desempe\u00f1o y Auditor\u00eda en cumplimiento financiero, por parte de la Auditor\u00eda Superior del Estado de Sinaloa.<br>Labor\u00f3 como jefa de frente de la Comisi\u00f3n Constructora de Sinaloa, fue coordinadora de pavimentes en CEMEX M\u00e9xico regi\u00f3n Sonora Y Sinaloa, y ha fungido como Auditora de Cuenta P\u00fablica, en la ASE.<br>Al asumir el cargo de secretaria de Obras y Servicios P\u00fablicos, Arlette D\u00edaz, refrend\u00f3 su disposici\u00f3n de trabajar por un mejor Culiac\u00e1n, siguiendo la instrucci\u00f3n del presidente municipal en el desarrollo de Obras con Sentido Social que impacten positivamente en el bienestar de la sociedad en general.<\/p>\n","protected":false},"excerpt":{"rendered":"<p>Culiac\u00e1n, Sin., a 10 de enero de 2023.- Bajo el compromiso de fortalecer y dar continuidad a la importante tarea de entregar obras y prestar servicios p\u00fablicos de calidad en beneficio de los culiacanenses, esta ma\u00f1ana, el alcalde Juan de Dios G\u00e1mez Mend\u00edvil tom\u00f3 protesta a Arlette D\u00edaz Le\u00f3n, como titular de la Secretar\u00eda de [&hellip;]<\/p>\n","protected":false},"author":2,"featured_media":25677,"comment_status":"open","ping_status":"open","sticky":false,"template":"","format":"standard","meta":{"_mi_skip_tracking":false,"footnotes":""},"categories":[12],"tags":[697],"class_list":["post-25676","post","type-post","status-publish","format-standard","has-post-thumbnail","hentry","category-ciudad","tag-ayuntamiento-de-culiacan"],"_links":{"self":[{"href":"https:\/\/www.puntociegoeditorial.com\/web\/wp-json\/wp\/v2\/posts\/25676","targetHints":{"allow":["GET"]}}],"collection":[{"href":"https:\/\/www.puntociegoeditorial.com\/web\/wp-json\/wp\/v2\/posts"}],"about":[{"href":"https:\/\/www.puntociegoeditorial.com\/web\/wp-json\/wp\/v2\/types\/post"}],"author":[{"embeddable":true,"href":"https:\/\/www.puntociegoeditorial.com\/web\/wp-json\/wp\/v2\/users\/2"}],"replies":[{"embeddable":true,"href":"https:\/\/www.puntociegoeditorial.com\/web\/wp-json\/wp\/v2\/comments?post=25676"}],"version-history":[{"count":1,"href":"https:\/\/www.puntociegoeditorial.com\/web\/wp-json\/wp\/v2\/posts\/25676\/revisions"}],"predecessor-version":[{"id":25678,"href":"https:\/\/www.puntociegoeditorial.com\/web\/wp-json\/wp\/v2\/posts\/25676\/revisions\/25678"}],"wp:featuredmedia":[{"embeddable":true,"href":"https:\/\/www.puntociegoeditorial.com\/web\/wp-json\/wp\/v2\/media\/25677"}],"wp:attachment":[{"href":"https:\/\/www.puntociegoeditorial.com\/web\/wp-json\/wp\/v2\/media?parent=25676"}],"wp:term":[{"taxonomy":"category","embeddable":true,"href":"https:\/\/www.puntociegoeditorial.com\/web\/wp-json\/wp\/v2\/categories?post=25676"},{"taxonomy":"post_tag","embeddable":true,"href":"https:\/\/www.puntociegoeditorial.com\/web\/wp-json\/wp\/v2\/tags?post=25676"}],"curies":[{"name":"wp","href":"https:\/\/api.w.org\/{rel}","templated":true}]}}