{"id":25685,"date":"2023-01-10T13:31:31","date_gmt":"2023-01-10T20:31:31","guid":{"rendered":"http:\/\/puntociegoeditorial.com\/web\/?p=25685"},"modified":"2023-01-10T13:31:31","modified_gmt":"2023-01-10T20:31:31","slug":"firma-gobernador-rocha-convenio-de-apoyo-financiero-2023-con-la-uas","status":"publish","type":"post","link":"https:\/\/www.puntociegoeditorial.com\/web\/2023\/01\/10\/firma-gobernador-rocha-convenio-de-apoyo-financiero-2023-con-la-uas\/","title":{"rendered":"Firma Gobernador Rocha convenio de apoyo financiero 2023 con la UAS"},"content":{"rendered":"\n<p>El mandatario estatal puso a disposici\u00f3n de la Universidad un adelanto de recursos que permitir\u00e1 el pago puntual de la primera quincena del a\u00f1o.<\/p>\n\n\n\n<p>Culiac\u00e1n, Sinaloa, a 10 de Enero de 2023.- Como parte de la pol\u00edtica estatal de atenci\u00f3n prioritaria al sector educativo, esta ma\u00f1ana, el Gobernador Rub\u00e9n Rocha Moya sostuvo una reuni\u00f3n de trabajo con Jes\u00fas Madue\u00f1a Molina, Rector de la Universidad Aut\u00f3noma de Sinaloa, en la que se realiz\u00f3 la firma del convenio de apoyo financiero correspondiente al a\u00f1o 2023, que se firma anualmente debido a las modificaciones que sufren las asignaciones de los presupuestos, por lo que a trav\u00e9s de este instrumento, se formalizan los subsidios estatales y federales que se env\u00edan mensualmente a esta instituci\u00f3n educativa.<\/p>\n\n\n\n<p>Debido a que, recabar las firmas de las autoridades federales podr\u00eda retrasar la liberaci\u00f3n de los recursos necesarios para realizar el pago de la primera quincena de enero a los trabajadores universitarios, el Ejecutivo Estatal puso a disposici\u00f3n de la Universidad Aut\u00f3noma de Sinaloa, un adelanto de recursos en calidad de pr\u00e9stamo, para garantizar el pago de salarios a los universitarios, propuesta que fue bien recibida y aceptada por el Rector Madue\u00f1a Molina.<\/p>\n\n\n\n<p>\u00abHice el compromiso con el se\u00f1or Rector que para que no se falle en el pago, le vamos a hacer un adelanto de recursos, le vamos a hacer una suerte de pr\u00e9stamo, que este es un pr\u00e9stamo que hay que pagarlo completo, porque es un adelanto simplemente para que no deje de pagarle a su personal, a maestras, maestros, investigadores y trabajadores en general, es un poco la idea de que el tema de los pagos a los trabajadores nunca se retrase\u00bb, expres\u00f3 el Gobernador.<\/p>\n\n\n\n<p>Madue\u00f1a Molina extern\u00f3 su agradecimiento por esta ayuda econ\u00f3mica que favorecer\u00e1 el bienestar de las familias sinaloenses que laboran en esta importante instituci\u00f3n aut\u00f3noma.<\/p>\n\n\n\n<p>\u00abQuiero agradecerle al se\u00f1or Gobernador, ten\u00edamos la incertidumbre de poder pagar la quincena y con el respaldo de \u00e9l, con el apoyo del se\u00f1or Gobernador, estar\u00edamos en condiciones de el pr\u00f3ximo viernes poder cumplir esta prestaci\u00f3n a los trabajadores. Decirle al se\u00f1or Gobernador que estamos muy agradecidos por el apoyo que siempre ha brindado a la universidad y que cuente con ella para lo que \u00e9l ocupe aqu\u00ed en el Gobierno del Estado\u00bb, concluy\u00f3 el Rector de la UAS.<\/p>\n","protected":false},"excerpt":{"rendered":"<p>El mandatario estatal puso a disposici\u00f3n de la Universidad un adelanto de recursos que permitir\u00e1 el pago puntual de la primera quincena del a\u00f1o. Culiac\u00e1n, Sinaloa, a 10 de Enero de 2023.- Como parte de la pol\u00edtica estatal de atenci\u00f3n prioritaria al sector educativo, esta ma\u00f1ana, el Gobernador Rub\u00e9n Rocha Moya sostuvo una reuni\u00f3n de [&hellip;]<\/p>\n","protected":false},"author":2,"featured_media":25686,"comment_status":"open","ping_status":"open","sticky":false,"template":"","format":"standard","meta":{"_mi_skip_tracking":false,"footnotes":""},"categories":[13],"tags":[134],"class_list":["post-25685","post","type-post","status-publish","format-standard","has-post-thumbnail","hentry","category-sinaloa","tag-ruben-rocha-moya"],"_links":{"self":[{"href":"https:\/\/www.puntociegoeditorial.com\/web\/wp-json\/wp\/v2\/posts\/25685","targetHints":{"allow":["GET"]}}],"collection":[{"href":"https:\/\/www.puntociegoeditorial.com\/web\/wp-json\/wp\/v2\/posts"}],"about":[{"href":"https:\/\/www.puntociegoeditorial.com\/web\/wp-json\/wp\/v2\/types\/post"}],"author":[{"embeddable":true,"href":"https:\/\/www.puntociegoeditorial.com\/web\/wp-json\/wp\/v2\/users\/2"}],"replies":[{"embeddable":true,"href":"https:\/\/www.puntociegoeditorial.com\/web\/wp-json\/wp\/v2\/comments?post=25685"}],"version-history":[{"count":1,"href":"https:\/\/www.puntociegoeditorial.com\/web\/wp-json\/wp\/v2\/posts\/25685\/revisions"}],"predecessor-version":[{"id":25687,"href":"https:\/\/www.puntociegoeditorial.com\/web\/wp-json\/wp\/v2\/posts\/25685\/revisions\/25687"}],"wp:featuredmedia":[{"embeddable":true,"href":"https:\/\/www.puntociegoeditorial.com\/web\/wp-json\/wp\/v2\/media\/25686"}],"wp:attachment":[{"href":"https:\/\/www.puntociegoeditorial.com\/web\/wp-json\/wp\/v2\/media?parent=25685"}],"wp:term":[{"taxonomy":"category","embeddable":true,"href":"https:\/\/www.puntociegoeditorial.com\/web\/wp-json\/wp\/v2\/categories?post=25685"},{"taxonomy":"post_tag","embeddable":true,"href":"https:\/\/www.puntociegoeditorial.com\/web\/wp-json\/wp\/v2\/tags?post=25685"}],"curies":[{"name":"wp","href":"https:\/\/api.w.org\/{rel}","templated":true}]}}