{"id":25841,"date":"2023-01-13T13:35:34","date_gmt":"2023-01-13T20:35:34","guid":{"rendered":"http:\/\/puntociegoeditorial.com\/web\/?p=25841"},"modified":"2023-01-13T13:35:34","modified_gmt":"2023-01-13T20:35:34","slug":"regresa-adolfo-elias-a-la-nobleza","status":"publish","type":"post","link":"https:\/\/www.puntociegoeditorial.com\/web\/2023\/01\/13\/regresa-adolfo-elias-a-la-nobleza\/","title":{"rendered":"Regresa Adolfo El\u00edas a la Nobleza"},"content":{"rendered":"\n<p>Los Caballeros de Culiac\u00e1n ya trabajan en la planeaci\u00f3n de la temporada 2023 del Circuito de Baloncesto del Pac\u00edfico (CIBACOPA) y el primer ajuste que han hecho es el regreso de par de personajes, el primero de ellos, el uruguayo Mario Andriolo, quien fungir\u00e1 como coach de los culiacanenses. Andriolo vivir\u00e1 su segunda etapa, ya que estuvo en la capital sinaloense desde el 2014 hasta el 2016, disputando la final en su primer a\u00f1o, misma que terminaron por caer ante los Zonkeys de Tijuana en siete juegos. Para inicios de a\u00f1o, anunciaron el regreso de Adolfo El\u00edas, quien tendr\u00e1 el rol de gerente deportivo de la Nobleza. Esta ser\u00e1 la tercera ronda de El\u00edas con el conjunto sinaloense, ya que anteriormente estuvo con el equipo en el 2007, a\u00f1o que marc\u00f3 el regreso de los Caballeros de Culiac\u00e1n al CIBACOPA, y ya posteriomente se pondr\u00eda los colores de los Cabs en el 2014. La sinergia Andriolo y El\u00edas ha funcionado muy bien y para muestra lo hecho por ellos en la \u00faltima edici\u00f3n del CIBAPAC, en donde llevaron al subcampeonato a los Mineros de Cosal\u00e1, quienes cayeron en la final ante los Empacadores de La Palma. \u201cCreo que es de mucha satisfacci\u00f3n en lo personal que me tomaran en cuenta en la temporada 2023 del CIBACOPA en Caballeros de Culiac\u00e1n. Es mi tercera etapa, estuve ah\u00ed en 2007, luego en 2014 y ahora en 2023. Espero dar lo mejor de mi y conformar un plantel competitivo. Mario Andriolo est\u00e1 garantizado, tiene basta experiencia en pa\u00edses como Venezuela, Puerto Rico y Ecuador, y ni se diga aqu\u00ed en M\u00e9xico\u00bb, dijo El\u00edas a los medios de comunicaci\u00f3n tras anunciarse su regreso.<\/p>\n","protected":false},"excerpt":{"rendered":"<p>Los Caballeros de Culiac\u00e1n ya trabajan en la planeaci\u00f3n de la temporada 2023 del Circuito de Baloncesto del Pac\u00edfico (CIBACOPA) y el primer ajuste que han hecho es el regreso de par de personajes, el primero de ellos, el uruguayo Mario Andriolo, quien fungir\u00e1 como coach de los culiacanenses. Andriolo vivir\u00e1 su segunda etapa, ya [&hellip;]<\/p>\n","protected":false},"author":2,"featured_media":25842,"comment_status":"open","ping_status":"open","sticky":false,"template":"","format":"standard","meta":{"_mi_skip_tracking":false,"footnotes":""},"categories":[16],"tags":[],"class_list":["post-25841","post","type-post","status-publish","format-standard","has-post-thumbnail","hentry","category-accion"],"_links":{"self":[{"href":"https:\/\/www.puntociegoeditorial.com\/web\/wp-json\/wp\/v2\/posts\/25841","targetHints":{"allow":["GET"]}}],"collection":[{"href":"https:\/\/www.puntociegoeditorial.com\/web\/wp-json\/wp\/v2\/posts"}],"about":[{"href":"https:\/\/www.puntociegoeditorial.com\/web\/wp-json\/wp\/v2\/types\/post"}],"author":[{"embeddable":true,"href":"https:\/\/www.puntociegoeditorial.com\/web\/wp-json\/wp\/v2\/users\/2"}],"replies":[{"embeddable":true,"href":"https:\/\/www.puntociegoeditorial.com\/web\/wp-json\/wp\/v2\/comments?post=25841"}],"version-history":[{"count":1,"href":"https:\/\/www.puntociegoeditorial.com\/web\/wp-json\/wp\/v2\/posts\/25841\/revisions"}],"predecessor-version":[{"id":25843,"href":"https:\/\/www.puntociegoeditorial.com\/web\/wp-json\/wp\/v2\/posts\/25841\/revisions\/25843"}],"wp:featuredmedia":[{"embeddable":true,"href":"https:\/\/www.puntociegoeditorial.com\/web\/wp-json\/wp\/v2\/media\/25842"}],"wp:attachment":[{"href":"https:\/\/www.puntociegoeditorial.com\/web\/wp-json\/wp\/v2\/media?parent=25841"}],"wp:term":[{"taxonomy":"category","embeddable":true,"href":"https:\/\/www.puntociegoeditorial.com\/web\/wp-json\/wp\/v2\/categories?post=25841"},{"taxonomy":"post_tag","embeddable":true,"href":"https:\/\/www.puntociegoeditorial.com\/web\/wp-json\/wp\/v2\/tags?post=25841"}],"curies":[{"name":"wp","href":"https:\/\/api.w.org\/{rel}","templated":true}]}}