{"id":25850,"date":"2023-01-13T13:38:27","date_gmt":"2023-01-13T20:38:27","guid":{"rendered":"http:\/\/puntociegoeditorial.com\/web\/?p=25850"},"modified":"2023-01-13T13:38:27","modified_gmt":"2023-01-13T20:38:27","slug":"condde-sinaloa-sostiene-primera-reunion-del-2023","status":"publish","type":"post","link":"https:\/\/www.puntociegoeditorial.com\/web\/2023\/01\/13\/condde-sinaloa-sostiene-primera-reunion-del-2023\/","title":{"rendered":"CONDDE SINALOA SOSTIENE PRIMERA REUNI\u00d3N DEL 2023"},"content":{"rendered":"\n<p>Culiac\u00e1n, Sinaloa.- Gilberto Berrelleza Reyes, director de deportes UAS, en su calidad de delegado en Sinaloa del Consejo Nacional del Deporte y la Educaci\u00f3n (CONDDE), encabez\u00f3 y fue anfitri\u00f3n de la primera reuni\u00f3n del CONDDE estatal en este 2023 que inicia, llevada al cabo en la Direcci\u00f3n General de Deportes UAS.<br>Adem\u00e1s de Gilberto Berrelleza, estuvieron presentes: C\u00e9sar Acosta Ojeda, sub director de deportes UAS, Jes\u00fas Corvera, secretario acad\u00e9mico; as\u00ed como Evodio Le\u00f3n, Jos\u00e9 Valdez de UdeO y Luis Urrea del ITESM Sinaloa.<br>El informe de la reuni\u00f3n del CONDDE nacional, que sostuvo en el mes de diciembre en Chihuahua, a la cual asisti\u00f3 Gilberto Berrelleza, tambi\u00e9n ocup\u00f3 un lugar importante en esta junta estatal.<br>La idea de esta primera reuni\u00f3n es iniciar los trabajos de organizaci\u00f3n con miras a la Universiada Estatal, tentativamente en el pr\u00f3ximo mes de febrero.<br>Ah\u00ed mismo se habl\u00f3 de las posibles fechas de los siguientes eventos: en febrero Universiada Estatal, entre marzo y abril universiada regional, en mayo-junio la universiada nacional en sede por definir.<br>Gilberto Berrelleza, aprovech\u00f3 la reuni\u00f3n para transmitir por medio de su conducto un mensaje del rector de la UAS, Dr. Jes\u00fas Madue\u00f1a Molina, donde resalta la intenci\u00f3n de seguir buscando alternativas para continuar con los apoyos al deporte.<br>Las \u00c1guilas UAS, el ciclo pasado terminaron como la tercera potencia en el medallero de universiada nacional entre m\u00e1s de 300 instituciones de educaci\u00f3n superior que participan en este proceso.<\/p>\n","protected":false},"excerpt":{"rendered":"<p>Culiac\u00e1n, Sinaloa.- Gilberto Berrelleza Reyes, director de deportes UAS, en su calidad de delegado en Sinaloa del Consejo Nacional del Deporte y la Educaci\u00f3n (CONDDE), encabez\u00f3 y fue anfitri\u00f3n de la primera reuni\u00f3n del CONDDE estatal en este 2023 que inicia, llevada al cabo en la Direcci\u00f3n General de Deportes UAS.Adem\u00e1s de Gilberto Berrelleza, estuvieron [&hellip;]<\/p>\n","protected":false},"author":2,"featured_media":25851,"comment_status":"open","ping_status":"open","sticky":false,"template":"","format":"standard","meta":{"_mi_skip_tracking":false,"footnotes":""},"categories":[16],"tags":[2428,133],"class_list":["post-25850","post","type-post","status-publish","format-standard","has-post-thumbnail","hentry","category-accion","tag-condde","tag-uas"],"_links":{"self":[{"href":"https:\/\/www.puntociegoeditorial.com\/web\/wp-json\/wp\/v2\/posts\/25850","targetHints":{"allow":["GET"]}}],"collection":[{"href":"https:\/\/www.puntociegoeditorial.com\/web\/wp-json\/wp\/v2\/posts"}],"about":[{"href":"https:\/\/www.puntociegoeditorial.com\/web\/wp-json\/wp\/v2\/types\/post"}],"author":[{"embeddable":true,"href":"https:\/\/www.puntociegoeditorial.com\/web\/wp-json\/wp\/v2\/users\/2"}],"replies":[{"embeddable":true,"href":"https:\/\/www.puntociegoeditorial.com\/web\/wp-json\/wp\/v2\/comments?post=25850"}],"version-history":[{"count":1,"href":"https:\/\/www.puntociegoeditorial.com\/web\/wp-json\/wp\/v2\/posts\/25850\/revisions"}],"predecessor-version":[{"id":25852,"href":"https:\/\/www.puntociegoeditorial.com\/web\/wp-json\/wp\/v2\/posts\/25850\/revisions\/25852"}],"wp:featuredmedia":[{"embeddable":true,"href":"https:\/\/www.puntociegoeditorial.com\/web\/wp-json\/wp\/v2\/media\/25851"}],"wp:attachment":[{"href":"https:\/\/www.puntociegoeditorial.com\/web\/wp-json\/wp\/v2\/media?parent=25850"}],"wp:term":[{"taxonomy":"category","embeddable":true,"href":"https:\/\/www.puntociegoeditorial.com\/web\/wp-json\/wp\/v2\/categories?post=25850"},{"taxonomy":"post_tag","embeddable":true,"href":"https:\/\/www.puntociegoeditorial.com\/web\/wp-json\/wp\/v2\/tags?post=25850"}],"curies":[{"name":"wp","href":"https:\/\/api.w.org\/{rel}","templated":true}]}}