{"id":25882,"date":"2023-01-13T22:19:55","date_gmt":"2023-01-14T05:19:55","guid":{"rendered":"https:\/\/puntociegoeditorial.com\/web\/?p=25882"},"modified":"2023-01-13T22:19:55","modified_gmt":"2023-01-14T05:19:55","slug":"ayuntamiento-mejora-la-iluminacion-de-parques-y-avenidas-en-culiacan","status":"publish","type":"post","link":"https:\/\/www.puntociegoeditorial.com\/web\/2023\/01\/13\/ayuntamiento-mejora-la-iluminacion-de-parques-y-avenidas-en-culiacan\/","title":{"rendered":"<em>Ayuntamiento mejora la iluminaci\u00f3n de parques y avenidas en Culiac\u00e1n<\/em>"},"content":{"rendered":"\n<p>Culiac\u00e1n, Sin., a 13 de enero de 2023.- Con la finalidad de contar con entornos con mayor seguridad e iluminaci\u00f3n, el Ayuntamiento se encuentra en calles, parques y avenidas para suministrar el servicio de energ\u00eda el\u00e9ctrica.<\/p>\n\n\n\n<p>La Direcci\u00f3n de Alumbrado y Eficiencia Energ\u00e9tica del Municipio, arrib\u00f3 al Parque de la colonia L\u00e1zaro C\u00e1rdenas, para rehabilitar al cien por ciento las luminarias que no estaban funcionando.<\/p>\n\n\n\n<p>Las cuadrillas en turno, dieron a conocer que tambi\u00e9n se hicieron cambios de luminarias tradicionales por la nueva tecnolog\u00eda LED, ya que con ello, se contar\u00e1 con mayor duraci\u00f3n de luminosidad y lo m\u00e1s importante, tendr\u00e1 un impacto en el ahorro energ\u00e9tico y econ\u00f3mico para el municipio.<\/p>\n\n\n\n<p>Dos l\u00e1mparas nuevas de foco hiperled con 54 watts y 4 remplazos de cables reportaron los elementos de Alumbrado, lo que abarc\u00f3 la jornada en el Parque de la L\u00e1zaro C\u00e1rdenas.<\/p>\n\n\n\n<p>Las acciones de completa rehabilitaci\u00f3n tambi\u00e9n llegaron al Fraccionamiento Alturas del Sur, para darle luz y vida al bulevar Francisco Corneta pues se lograron restaurar 35 luminarias.<\/p>\n\n\n\n<p>Con estas labores, se generan mejores condiciones de vida para los habitantes, por ello, se dar\u00e1 continuidad a los trabajos de abastecimiento de alumbrado p\u00fablico para hacer de Culiac\u00e1n, una ciudad m\u00e1s iluminada.<\/p>\n","protected":false},"excerpt":{"rendered":"<p>Culiac\u00e1n, Sin., a 13 de enero de 2023.- Con la finalidad de contar con entornos con mayor seguridad e iluminaci\u00f3n, el Ayuntamiento se encuentra en calles, parques y avenidas para suministrar el servicio de energ\u00eda el\u00e9ctrica. La Direcci\u00f3n de Alumbrado y Eficiencia Energ\u00e9tica del Municipio, arrib\u00f3 al Parque de la colonia L\u00e1zaro C\u00e1rdenas, para rehabilitar [&hellip;]<\/p>\n","protected":false},"author":2,"featured_media":25883,"comment_status":"open","ping_status":"open","sticky":false,"template":"","format":"standard","meta":{"_mi_skip_tracking":false,"footnotes":""},"categories":[12],"tags":[697],"class_list":["post-25882","post","type-post","status-publish","format-standard","has-post-thumbnail","hentry","category-ciudad","tag-ayuntamiento-de-culiacan"],"_links":{"self":[{"href":"https:\/\/www.puntociegoeditorial.com\/web\/wp-json\/wp\/v2\/posts\/25882","targetHints":{"allow":["GET"]}}],"collection":[{"href":"https:\/\/www.puntociegoeditorial.com\/web\/wp-json\/wp\/v2\/posts"}],"about":[{"href":"https:\/\/www.puntociegoeditorial.com\/web\/wp-json\/wp\/v2\/types\/post"}],"author":[{"embeddable":true,"href":"https:\/\/www.puntociegoeditorial.com\/web\/wp-json\/wp\/v2\/users\/2"}],"replies":[{"embeddable":true,"href":"https:\/\/www.puntociegoeditorial.com\/web\/wp-json\/wp\/v2\/comments?post=25882"}],"version-history":[{"count":1,"href":"https:\/\/www.puntociegoeditorial.com\/web\/wp-json\/wp\/v2\/posts\/25882\/revisions"}],"predecessor-version":[{"id":25884,"href":"https:\/\/www.puntociegoeditorial.com\/web\/wp-json\/wp\/v2\/posts\/25882\/revisions\/25884"}],"wp:featuredmedia":[{"embeddable":true,"href":"https:\/\/www.puntociegoeditorial.com\/web\/wp-json\/wp\/v2\/media\/25883"}],"wp:attachment":[{"href":"https:\/\/www.puntociegoeditorial.com\/web\/wp-json\/wp\/v2\/media?parent=25882"}],"wp:term":[{"taxonomy":"category","embeddable":true,"href":"https:\/\/www.puntociegoeditorial.com\/web\/wp-json\/wp\/v2\/categories?post=25882"},{"taxonomy":"post_tag","embeddable":true,"href":"https:\/\/www.puntociegoeditorial.com\/web\/wp-json\/wp\/v2\/tags?post=25882"}],"curies":[{"name":"wp","href":"https:\/\/api.w.org\/{rel}","templated":true}]}}