{"id":25896,"date":"2023-01-14T17:26:22","date_gmt":"2023-01-15T00:26:22","guid":{"rendered":"https:\/\/puntociegoeditorial.com\/web\/?p=25896"},"modified":"2023-01-14T17:26:22","modified_gmt":"2023-01-15T00:26:22","slug":"hay-que-salir-y-consumir-sin-tener-miedo-luis-de-la-rocha","status":"publish","type":"post","link":"https:\/\/www.puntociegoeditorial.com\/web\/2023\/01\/14\/hay-que-salir-y-consumir-sin-tener-miedo-luis-de-la-rocha\/","title":{"rendered":"\u00abHay que salir y consumir, sin tener miedo\u00bb: Luis de la Rocha"},"content":{"rendered":"\n<p>El presidente de la Comisi\u00f3n de Desarrollo Econ\u00f3mico del Congreso del Estado expres\u00f3 que el comercio est\u00e1 lastimado pero se va a reponer<\/p>\n\n\n\n<p>Culiac\u00e1n, Sin. Salir y apoyar a\u00f1os comercios, restaurantes y establecimientos sin tener miedo, es lo que sugiere el presidente de la Comisi\u00f3n de Desarrollo Econ\u00f3mico del Congreso del Estado, Luis Javier de la Rocha Zazueta, para salir de esta crisis econ\u00f3mica.<\/p>\n\n\n\n<p>El legislador explic\u00f3 en entrevista para los medios de comunicaci\u00f3n que hubo millonarias pedidas y las ventas redujeron un 30 a 40 por ciento para restaurantes y comercios, por lo que la gente debe volver a salir a las calles, y apoyar a la econom\u00eda local.<\/p>\n\n\n\n<p>\u00abHay que salir sin miedo, tenemos que ir a consumir a los comercios, sin miedo, la econom\u00eda local est\u00e1 lastimada y hay que apoyarla\u00bb.<\/p>\n\n\n\n<p>Extern\u00f3 que present\u00f3 una iniciativa de ley donde exista un fondo ante situaciones de este tipo y se pueda apoyar a quienes m\u00e1s se ven afectados, como comerciantes, meseros, personas que dependen de las ventas y ahorita sus trabajos est\u00e1n en riesgo de perderlos.<\/p>\n\n\n\n<p>De la Rocha Zazueta agreg\u00f3 que Culiac\u00e1n se repondr\u00e1 de esta crisis, sin embargo, es necesario que las autoridades brinden la seguridad necesaria para ello.<\/p>\n","protected":false},"excerpt":{"rendered":"<p>El presidente de la Comisi\u00f3n de Desarrollo Econ\u00f3mico del Congreso del Estado expres\u00f3 que el comercio est\u00e1 lastimado pero se va a reponer Culiac\u00e1n, Sin. Salir y apoyar a\u00f1os comercios, restaurantes y establecimientos sin tener miedo, es lo que sugiere el presidente de la Comisi\u00f3n de Desarrollo Econ\u00f3mico del Congreso del Estado, Luis Javier de [&hellip;]<\/p>\n","protected":false},"author":2,"featured_media":25897,"comment_status":"open","ping_status":"open","sticky":false,"template":"","format":"standard","meta":{"_mi_skip_tracking":false,"footnotes":""},"categories":[13],"tags":[47],"class_list":["post-25896","post","type-post","status-publish","format-standard","has-post-thumbnail","hentry","category-sinaloa","tag-congreso-del-estado"],"_links":{"self":[{"href":"https:\/\/www.puntociegoeditorial.com\/web\/wp-json\/wp\/v2\/posts\/25896","targetHints":{"allow":["GET"]}}],"collection":[{"href":"https:\/\/www.puntociegoeditorial.com\/web\/wp-json\/wp\/v2\/posts"}],"about":[{"href":"https:\/\/www.puntociegoeditorial.com\/web\/wp-json\/wp\/v2\/types\/post"}],"author":[{"embeddable":true,"href":"https:\/\/www.puntociegoeditorial.com\/web\/wp-json\/wp\/v2\/users\/2"}],"replies":[{"embeddable":true,"href":"https:\/\/www.puntociegoeditorial.com\/web\/wp-json\/wp\/v2\/comments?post=25896"}],"version-history":[{"count":1,"href":"https:\/\/www.puntociegoeditorial.com\/web\/wp-json\/wp\/v2\/posts\/25896\/revisions"}],"predecessor-version":[{"id":25898,"href":"https:\/\/www.puntociegoeditorial.com\/web\/wp-json\/wp\/v2\/posts\/25896\/revisions\/25898"}],"wp:featuredmedia":[{"embeddable":true,"href":"https:\/\/www.puntociegoeditorial.com\/web\/wp-json\/wp\/v2\/media\/25897"}],"wp:attachment":[{"href":"https:\/\/www.puntociegoeditorial.com\/web\/wp-json\/wp\/v2\/media?parent=25896"}],"wp:term":[{"taxonomy":"category","embeddable":true,"href":"https:\/\/www.puntociegoeditorial.com\/web\/wp-json\/wp\/v2\/categories?post=25896"},{"taxonomy":"post_tag","embeddable":true,"href":"https:\/\/www.puntociegoeditorial.com\/web\/wp-json\/wp\/v2\/tags?post=25896"}],"curies":[{"name":"wp","href":"https:\/\/api.w.org\/{rel}","templated":true}]}}