{"id":26439,"date":"2023-01-26T12:31:47","date_gmt":"2023-01-26T19:31:47","guid":{"rendered":"http:\/\/puntociegoeditorial.com\/web\/?p=26439"},"modified":"2023-01-26T12:31:47","modified_gmt":"2023-01-26T19:31:47","slug":"invitan-a-celebrar-el-dia-de-la-candelaria-en-la-sindicatura-de-quila","status":"publish","type":"post","link":"https:\/\/www.puntociegoeditorial.com\/web\/2023\/01\/26\/invitan-a-celebrar-el-dia-de-la-candelaria-en-la-sindicatura-de-quila\/","title":{"rendered":"Invitan a celebrar el D\u00eda de la Candelaria en la sindicatura de Quil\u00e1"},"content":{"rendered":"\n<p>Culiac\u00e1n, Sin., a 26 de enero de 2023.- Tal y como lo marca la tradici\u00f3n, la sindicatura de Quil\u00e1 se encuentra casi lista para recibir del 1 al 4 de febrero a los devotos, tanto lugare\u00f1os como visitantes para celebrar el D\u00eda de la Candelaria.<\/p>\n\n\n\n<p>Esta ma\u00f1ana, se dieron a conocer los pormenores de la realizaci\u00f3n de este evento, el cual cuenta con un extenso programa de actividades, entre las que destacan el tradicional desfile de inauguraci\u00f3n, presentaciones de danza folcl\u00f3rica, grupos norte\u00f1os, banda orquesta, el gran concierto de Nadia Yuriar y muchas otras presentaciones de inter\u00e9s para todas las edades.<\/p>\n\n\n\n<p>Al respecto, el s\u00edndico de esta comunidad, Rafael Ed\u00e9n Quintero Lozano, expres\u00f3 su alegr\u00eda por poder realizar este evento tras dos a\u00f1os de restricciones ocasionadas por la pandemia, ya que llevarlo a cabo justo como se ha acostumbrado desde hace mucho tiempo, tiene un valor cultural muy arraigado entre los feligreses que acuden a\u00f1o con a\u00f1o.<\/p>\n\n\n\n<p>Asimismo, el titular del Instituto Municipal de Cultura Culiac\u00e1n, Carlos Alonso Ram\u00edrez Reyes, dijo que esta celebraci\u00f3n es el momento perfecto para proyectar la riqueza cultural con la que cuenta el municipio, pues es primordial resaltar los aspectos positivos del mismo.<\/p>\n\n\n\n<p>Finalmente, se invit\u00f3 a la ciudadan\u00eda a acudir a este evento familiar y a disfrutar de un ambiente sano, pero sobre todo seguro, ya que se contar\u00e1 con la presencia de elementos policiacos propios de la sindicatura, as\u00ed como algunos m\u00e1s de la cabecera municipal, quienes apoyar\u00e1n en la log\u00edstica, el desarrollo y el orden de esta tan esperada festividad.<\/p>\n","protected":false},"excerpt":{"rendered":"<p>Culiac\u00e1n, Sin., a 26 de enero de 2023.- Tal y como lo marca la tradici\u00f3n, la sindicatura de Quil\u00e1 se encuentra casi lista para recibir del 1 al 4 de febrero a los devotos, tanto lugare\u00f1os como visitantes para celebrar el D\u00eda de la Candelaria. Esta ma\u00f1ana, se dieron a conocer los pormenores de la [&hellip;]<\/p>\n","protected":false},"author":2,"featured_media":26443,"comment_status":"open","ping_status":"open","sticky":false,"template":"","format":"standard","meta":{"_mi_skip_tracking":false,"footnotes":""},"categories":[12],"tags":[2299],"class_list":["post-26439","post","type-post","status-publish","format-standard","has-post-thumbnail","hentry","category-ciudad","tag-imcc"],"_links":{"self":[{"href":"https:\/\/www.puntociegoeditorial.com\/web\/wp-json\/wp\/v2\/posts\/26439","targetHints":{"allow":["GET"]}}],"collection":[{"href":"https:\/\/www.puntociegoeditorial.com\/web\/wp-json\/wp\/v2\/posts"}],"about":[{"href":"https:\/\/www.puntociegoeditorial.com\/web\/wp-json\/wp\/v2\/types\/post"}],"author":[{"embeddable":true,"href":"https:\/\/www.puntociegoeditorial.com\/web\/wp-json\/wp\/v2\/users\/2"}],"replies":[{"embeddable":true,"href":"https:\/\/www.puntociegoeditorial.com\/web\/wp-json\/wp\/v2\/comments?post=26439"}],"version-history":[{"count":1,"href":"https:\/\/www.puntociegoeditorial.com\/web\/wp-json\/wp\/v2\/posts\/26439\/revisions"}],"predecessor-version":[{"id":26444,"href":"https:\/\/www.puntociegoeditorial.com\/web\/wp-json\/wp\/v2\/posts\/26439\/revisions\/26444"}],"wp:featuredmedia":[{"embeddable":true,"href":"https:\/\/www.puntociegoeditorial.com\/web\/wp-json\/wp\/v2\/media\/26443"}],"wp:attachment":[{"href":"https:\/\/www.puntociegoeditorial.com\/web\/wp-json\/wp\/v2\/media?parent=26439"}],"wp:term":[{"taxonomy":"category","embeddable":true,"href":"https:\/\/www.puntociegoeditorial.com\/web\/wp-json\/wp\/v2\/categories?post=26439"},{"taxonomy":"post_tag","embeddable":true,"href":"https:\/\/www.puntociegoeditorial.com\/web\/wp-json\/wp\/v2\/tags?post=26439"}],"curies":[{"name":"wp","href":"https:\/\/api.w.org\/{rel}","templated":true}]}}