{"id":2760,"date":"2021-10-11T17:23:58","date_gmt":"2021-10-11T23:23:58","guid":{"rendered":"https:\/\/puntociegoeditorial.com\/web\/?p=2760"},"modified":"2021-10-11T17:25:15","modified_gmt":"2021-10-11T23:25:15","slug":"2760","status":"publish","type":"post","link":"https:\/\/www.puntociegoeditorial.com\/web\/2021\/10\/11\/2760\/","title":{"rendered":"Presa Sanalona podr\u00eda desbordarse y causar inundaciones"},"content":{"rendered":"\n<p>La presa sanalona se encuentra en su nivel m\u00e1ximo de conservaci\u00f3n y eso est\u00e1 generando cierta preocupaci\u00f3n, ya que se aproximan fuertes lluvias por el hurac\u00e1n Pamela, se\u00f1al\u00f3 el Director de la Cuenca Pac\u00edfico Norte.<\/p>\n\n\n\n<p><\/p>\n\n\n\n<p>Montalvo Espinoza, precis\u00f3 que empezar\u00e1n a tomar medidas para evitar inundaciones en la zona ribere\u00f1a y en la ciudad de Culiac\u00e1n, ya que ante las lluvias que deje el hurac\u00e1n, es viable que la presa se desborde.<\/p>\n\n\n\n<p>\u00abNos preocupa la presa Sanalona, est\u00e1 en su punto, y es muy probable que se desborde hacia abajo, hacia Culiac\u00e1n\u00bb.<\/p>\n\n\n\n<p>Mencion\u00f3 que no habr\u00e1 desfogues, ya que eso pondr\u00eda en riesgo a los habitantes de algunos poblados, por lo que buscar\u00e1n otras medidas para evitar inundaciones.<\/p>\n","protected":false},"excerpt":{"rendered":"<p>La presa sanalona se encuentra en su nivel m\u00e1ximo de conservaci\u00f3n y eso est\u00e1 generando cierta preocupaci\u00f3n, ya que se aproximan fuertes lluvias por el hurac\u00e1n Pamela, se\u00f1al\u00f3 el Director de la Cuenca Pac\u00edfico Norte. Montalvo Espinoza, precis\u00f3 que empezar\u00e1n a tomar medidas para evitar inundaciones en la zona ribere\u00f1a y en la ciudad de [&hellip;]<\/p>\n","protected":false},"author":7,"featured_media":2761,"comment_status":"open","ping_status":"open","sticky":false,"template":"","format":"standard","meta":{"_mi_skip_tracking":false,"footnotes":""},"categories":[12],"tags":[],"class_list":["post-2760","post","type-post","status-publish","format-standard","has-post-thumbnail","hentry","category-ciudad"],"_links":{"self":[{"href":"https:\/\/www.puntociegoeditorial.com\/web\/wp-json\/wp\/v2\/posts\/2760","targetHints":{"allow":["GET"]}}],"collection":[{"href":"https:\/\/www.puntociegoeditorial.com\/web\/wp-json\/wp\/v2\/posts"}],"about":[{"href":"https:\/\/www.puntociegoeditorial.com\/web\/wp-json\/wp\/v2\/types\/post"}],"author":[{"embeddable":true,"href":"https:\/\/www.puntociegoeditorial.com\/web\/wp-json\/wp\/v2\/users\/7"}],"replies":[{"embeddable":true,"href":"https:\/\/www.puntociegoeditorial.com\/web\/wp-json\/wp\/v2\/comments?post=2760"}],"version-history":[{"count":2,"href":"https:\/\/www.puntociegoeditorial.com\/web\/wp-json\/wp\/v2\/posts\/2760\/revisions"}],"predecessor-version":[{"id":2763,"href":"https:\/\/www.puntociegoeditorial.com\/web\/wp-json\/wp\/v2\/posts\/2760\/revisions\/2763"}],"wp:featuredmedia":[{"embeddable":true,"href":"https:\/\/www.puntociegoeditorial.com\/web\/wp-json\/wp\/v2\/media\/2761"}],"wp:attachment":[{"href":"https:\/\/www.puntociegoeditorial.com\/web\/wp-json\/wp\/v2\/media?parent=2760"}],"wp:term":[{"taxonomy":"category","embeddable":true,"href":"https:\/\/www.puntociegoeditorial.com\/web\/wp-json\/wp\/v2\/categories?post=2760"},{"taxonomy":"post_tag","embeddable":true,"href":"https:\/\/www.puntociegoeditorial.com\/web\/wp-json\/wp\/v2\/tags?post=2760"}],"curies":[{"name":"wp","href":"https:\/\/api.w.org\/{rel}","templated":true}]}}