{"id":3087,"date":"2021-10-18T14:56:59","date_gmt":"2021-10-18T20:56:59","guid":{"rendered":"https:\/\/puntociegoeditorial.com\/web\/?p=3087"},"modified":"2021-10-18T14:56:59","modified_gmt":"2021-10-18T20:56:59","slug":"presentan-la-campana-bajale-para-evitar-mas-accidentes","status":"publish","type":"post","link":"https:\/\/www.puntociegoeditorial.com\/web\/2021\/10\/18\/presentan-la-campana-bajale-para-evitar-mas-accidentes\/","title":{"rendered":"Presentan la campa\u00f1a \u00abB\u00e1jale\u00bb para evitar m\u00e1s accidentes"},"content":{"rendered":"\n<p>En instalaciones de la Unidad de Vialidad y Tr\u00e1nsito, se llev\u00f3 a cabo el arranque de la campa\u00f1a \u00a1B\u00e1jale! #LaVidaDeMuchosDependeDeTuVelocidad, por parte del Secretario de Seguridad P\u00fablica y Tr\u00e1nsito Municipal, Coronel de Infanter\u00eda Mauricio Garc\u00eda Rodr\u00edguez, acompa\u00f1ado del Director de la Unidad de Vialidad, as\u00ed como tambi\u00e9n del representante de la Confederaci\u00f3n Internacional de Motociclistas Oficiales y Polic\u00edas de Caminos, Delegaci\u00f3n Sinaloa, Alejandro S\u00e1nchez.<\/p>\n\n\n\n<p>Con la finalidad de reducir muertes derivadas de accidentes viales en los que participan usuarios de motocicleta, la corporaci\u00f3n de seguridad llevar\u00e1 a cabo acciones coordinadas en las diferentes vialidades del Municipio, indic\u00f3 el titular de la instituci\u00f3n de seguridad del Municipio, quien al respecto, mencion\u00f3:<br>\u201c\u00c9ste tiene la finalidad de salvar, sobre todo vidas, y no convertirnos en estad\u00edstica que, a veces, nos volcamos con los temas de otros tipos de homicidios, como son los dolosos, u otro tipo de actividades, y nos olvidamos que tambi\u00e9n se pierden vidas importantes de nuestros familiares, de nuestros hijos, en accidentes de tr\u00e1nsito, y lo que queremos es que cuando salgan a su trabajo, a un rato de convivencia familiar, regresen sanos y salvos\u201d, dijo.<\/p>\n\n\n\n<p>Al respecto, el director de la Unidad de Vialidad inform\u00f3 que lamentablemente, las cifras indican un aumento en siniestros viales donde participan las unidades de dos ruedas, as\u00ed como incremento en n\u00famero de personas lesionadas y fallecidas, ante esta situaci\u00f3n, el Director de la Unidad de Vialidad y Tr\u00e1nsito indic\u00f3:<\/p>\n\n\n\n<p>\u201cOcupamos ya bajarle, bajarle a los accidentes viales tipo motocicleta, como dice el se\u00f1or secretario, hemos tenido 345 accidentes, solamente de motocicleta, llevamos m\u00e1s accidentes que el a\u00f1o pasado, es preocupante. El a\u00f1o pasado llev\u00e1bamos 284 a la fecha; lesionados llevamos 401 lesionados al d\u00eda de hoy, el a\u00f1o pasado llev\u00e1bamos 340 personas lesionadas; ahorita en 2021 personas fallecidas, lamentablemente son 28 personas fallecidas, ahora, el a\u00f1o pasado llev\u00e1bamos 27. Tenemos que coadyuvar sociedad y Gobierno, para bajar los \u00edndices de accidentes en motocicleta\u201d, extern\u00f3 el funcionario.<\/p>\n\n\n\n<p>Posteriormente, elementos de la Unidad de Vialidad, Educadoras Viales y motociclistas de la Confederaci\u00f3n realizaron una demostraci\u00f3n de conducci\u00f3n de veh\u00edculos y motocicletas, en donde explicaron qu\u00e9 hacer y qu\u00e9 no hacer cuando se conducen estos veh\u00edculos, como por ejemplo, revisar las condiciones mec\u00e1nicas de la unidad, asegurar a los menores de edad en sillas de retenci\u00f3n, asimismo, uso de aditamentos adecuados para su seguridad.<\/p>\n\n\n\n<p>Al finalizar el evento, el Secretario de Seguridad P\u00fablica, entreg\u00f3 reconocimiento a la asociaci\u00f3n de motociclistas, por el apoyo otorgado para la demostraci\u00f3n de conducci\u00f3n.<\/p>\n\n\n\n<p>La SSPyTM, reitera el llamado a la ciudadan\u00eda, para que baje la velocidad. Conductor, recuerda que, la vida de muchos depende de tu velocidad.<\/p>\n","protected":false},"excerpt":{"rendered":"<p>En instalaciones de la Unidad de Vialidad y Tr\u00e1nsito, se llev\u00f3 a cabo el arranque de la campa\u00f1a \u00a1B\u00e1jale! #LaVidaDeMuchosDependeDeTuVelocidad, por parte del Secretario de Seguridad P\u00fablica y Tr\u00e1nsito Municipal, Coronel de Infanter\u00eda Mauricio Garc\u00eda Rodr\u00edguez, acompa\u00f1ado del Director de la Unidad de Vialidad, as\u00ed como tambi\u00e9n del representante de la Confederaci\u00f3n Internacional de Motociclistas [&hellip;]<\/p>\n","protected":false},"author":7,"featured_media":3088,"comment_status":"open","ping_status":"open","sticky":false,"template":"","format":"standard","meta":{"_mi_skip_tracking":false,"footnotes":""},"categories":[12],"tags":[],"class_list":["post-3087","post","type-post","status-publish","format-standard","has-post-thumbnail","hentry","category-ciudad"],"_links":{"self":[{"href":"https:\/\/www.puntociegoeditorial.com\/web\/wp-json\/wp\/v2\/posts\/3087","targetHints":{"allow":["GET"]}}],"collection":[{"href":"https:\/\/www.puntociegoeditorial.com\/web\/wp-json\/wp\/v2\/posts"}],"about":[{"href":"https:\/\/www.puntociegoeditorial.com\/web\/wp-json\/wp\/v2\/types\/post"}],"author":[{"embeddable":true,"href":"https:\/\/www.puntociegoeditorial.com\/web\/wp-json\/wp\/v2\/users\/7"}],"replies":[{"embeddable":true,"href":"https:\/\/www.puntociegoeditorial.com\/web\/wp-json\/wp\/v2\/comments?post=3087"}],"version-history":[{"count":1,"href":"https:\/\/www.puntociegoeditorial.com\/web\/wp-json\/wp\/v2\/posts\/3087\/revisions"}],"predecessor-version":[{"id":3089,"href":"https:\/\/www.puntociegoeditorial.com\/web\/wp-json\/wp\/v2\/posts\/3087\/revisions\/3089"}],"wp:featuredmedia":[{"embeddable":true,"href":"https:\/\/www.puntociegoeditorial.com\/web\/wp-json\/wp\/v2\/media\/3088"}],"wp:attachment":[{"href":"https:\/\/www.puntociegoeditorial.com\/web\/wp-json\/wp\/v2\/media?parent=3087"}],"wp:term":[{"taxonomy":"category","embeddable":true,"href":"https:\/\/www.puntociegoeditorial.com\/web\/wp-json\/wp\/v2\/categories?post=3087"},{"taxonomy":"post_tag","embeddable":true,"href":"https:\/\/www.puntociegoeditorial.com\/web\/wp-json\/wp\/v2\/tags?post=3087"}],"curies":[{"name":"wp","href":"https:\/\/api.w.org\/{rel}","templated":true}]}}