{"id":3090,"date":"2021-10-18T15:25:10","date_gmt":"2021-10-18T21:25:10","guid":{"rendered":"https:\/\/puntociegoeditorial.com\/web\/?p=3090"},"modified":"2021-10-18T15:25:10","modified_gmt":"2021-10-18T21:25:10","slug":"hare-todo-lo-mejor-por-lograr-mi-sueno-ser-campeon-del-mundo-jose-gomez-%f0%9f%a5%8a%f0%9f%94%a5","status":"publish","type":"post","link":"https:\/\/www.puntociegoeditorial.com\/web\/2021\/10\/18\/hare-todo-lo-mejor-por-lograr-mi-sueno-ser-campeon-del-mundo-jose-gomez-%f0%9f%a5%8a%f0%9f%94%a5\/","title":{"rendered":"\u201cHar\u00e9 todo lo mejor por lograr mi sue\u00f1o, ser campe\u00f3n del mundo\u201d: Jos\u00e9 G\u00f3mez.-\ud83e\udd4a\ud83d\udd25"},"content":{"rendered":"\n<p>Culiac\u00e1n, Sinaloa a 18 de Octubre del 2021<\/p>\n\n\n\n<p>Poco a poco nos acercamos a la funci\u00f3n \u201cTERROR EN EL RING\u201d de este 05 de Noviembre en el Palenque de la Feria Ganadera, donde se contar\u00e1 de nueva cuenta con JOS\u00c9 \u201cG\u00dcERO\u201d G\u00d3MEZ conformando una espectacular cartelera, midi\u00e9ndose ante Hugo Hern\u00e1ndez en pelea pactado en Peso Medio y que ser\u00e1 uno de los grandes atractivos de la velada box\u00edstico.<\/p>\n\n\n\n<p>Despu\u00e9s de vencer por KO a Miguel L\u00f3pez el pasado 01 de octubre, el californiano vuelve en busca de sumar otro triunfo en su foja:<br>\u201cTodo lo que puedo decir es que \u00a8El G\u00fcero\u00a8 G\u00f3mez ha regresado y quiero que todos se familiaricen con mi nombre dentro del mundo del boxeo, estoy contento de volver a Culiac\u00e1n y hacer lo que m\u00e1s amo, el mes pasado salimos victoriosos mi equipo y yo, y espero hacer lo mismo este 05 de noviembre. En mi \u00faltima pelea me enfrente a un oponente duro e inc\u00f3modo, fall\u00e9 muchos golpes y dicho esto, he estado practicando para hacer que cada golpe cuente\u201d, dijo el pugilista de 25 de a\u00f1os.<\/p>\n\n\n\n<p>Tras superar una dif\u00edcil lesi\u00f3n, G\u00f3mez vuelve a levantar la mano y apunta a cosas grandes en su carrera profesional:<\/p>\n\n\n\n<p>\u201cprimero estoy esperando terminar el a\u00f1o con otra victoria m\u00e1s, el a\u00f1o que viene planeo estar lo m\u00e1s ocupado posible y enfrentarme a los mejores prospectos de mi divisi\u00f3n, continuar\u00e9 dici\u00e9ndolo alto y claro, estar\u00e9 aqu\u00ed por mucho tiempo y har\u00e9 todo lo mejor para lograr mi sue\u00f1o, y ese es, un d\u00eda ser campe\u00f3n mundial\u201d, mencion\u00f3.<\/p>\n\n\n\n<p>Con Daniel Castillo como entrenador, el popular \u201cG\u00fcero\u201d mantiene su preparaci\u00f3n para salir con la mano en alto:<\/p>\n\n\n\n<p>\u201cDurante mis sesiones de entrenamiento trabajo en muchas cosas, por ejemplo, el coeficiente intelectual de boxeo, nunca planeo subir al ring para pelear a lo loco, si no entrar y pelear inteligentemente. Desde los 11 a\u00f1os empec\u00e9 a boxear y he sido naturalmente fuerte, mis ex entrenadores me sacaban de mi clase y me pon\u00edan en sparring con chicos mayores que yo, m\u00e1s grandes y fuertes de lo que yo era porque tambi\u00e9n ten\u00eda rapidez\u201d, agreg\u00f3 el oriundo de Livermore, California.<\/p>\n\n\n\n<p>Para finalizar, Jos\u00e9 G\u00f3mez le manda un saludo a sus seguidores y aficionados:<\/p>\n\n\n\n<p>\u201cMuchas gracias a JD Promotions una vez m\u00e1s por darme la oportunidad, a todos los que contin\u00faan apoy\u00e1ndome les agradezco mucho, no puedo esperar para ofrecer otra gran actuaci\u00f3n para todos ustedes\u201d, sentenci\u00f3.<\/p>\n","protected":false},"excerpt":{"rendered":"<p>Culiac\u00e1n, Sinaloa a 18 de Octubre del 2021 Poco a poco nos acercamos a la funci\u00f3n \u201cTERROR EN EL RING\u201d de este 05 de Noviembre en el Palenque de la Feria Ganadera, donde se contar\u00e1 de nueva cuenta con JOS\u00c9 \u201cG\u00dcERO\u201d G\u00d3MEZ conformando una espectacular cartelera, midi\u00e9ndose ante Hugo Hern\u00e1ndez en pelea pactado en Peso [&hellip;]<\/p>\n","protected":false},"author":2,"featured_media":3091,"comment_status":"open","ping_status":"open","sticky":false,"template":"","format":"standard","meta":{"_mi_skip_tracking":false,"footnotes":""},"categories":[16],"tags":[288,26,638],"class_list":["post-3090","post","type-post","status-publish","format-standard","has-post-thumbnail","hentry","category-accion","tag-box","tag-culiacan","tag-terror-en-el-ring"],"_links":{"self":[{"href":"https:\/\/www.puntociegoeditorial.com\/web\/wp-json\/wp\/v2\/posts\/3090","targetHints":{"allow":["GET"]}}],"collection":[{"href":"https:\/\/www.puntociegoeditorial.com\/web\/wp-json\/wp\/v2\/posts"}],"about":[{"href":"https:\/\/www.puntociegoeditorial.com\/web\/wp-json\/wp\/v2\/types\/post"}],"author":[{"embeddable":true,"href":"https:\/\/www.puntociegoeditorial.com\/web\/wp-json\/wp\/v2\/users\/2"}],"replies":[{"embeddable":true,"href":"https:\/\/www.puntociegoeditorial.com\/web\/wp-json\/wp\/v2\/comments?post=3090"}],"version-history":[{"count":1,"href":"https:\/\/www.puntociegoeditorial.com\/web\/wp-json\/wp\/v2\/posts\/3090\/revisions"}],"predecessor-version":[{"id":3092,"href":"https:\/\/www.puntociegoeditorial.com\/web\/wp-json\/wp\/v2\/posts\/3090\/revisions\/3092"}],"wp:featuredmedia":[{"embeddable":true,"href":"https:\/\/www.puntociegoeditorial.com\/web\/wp-json\/wp\/v2\/media\/3091"}],"wp:attachment":[{"href":"https:\/\/www.puntociegoeditorial.com\/web\/wp-json\/wp\/v2\/media?parent=3090"}],"wp:term":[{"taxonomy":"category","embeddable":true,"href":"https:\/\/www.puntociegoeditorial.com\/web\/wp-json\/wp\/v2\/categories?post=3090"},{"taxonomy":"post_tag","embeddable":true,"href":"https:\/\/www.puntociegoeditorial.com\/web\/wp-json\/wp\/v2\/tags?post=3090"}],"curies":[{"name":"wp","href":"https:\/\/api.w.org\/{rel}","templated":true}]}}