{"id":3099,"date":"2021-10-18T20:04:08","date_gmt":"2021-10-19T02:04:08","guid":{"rendered":"https:\/\/puntociegoeditorial.com\/web\/?p=3099"},"modified":"2021-10-18T20:04:08","modified_gmt":"2021-10-19T02:04:08","slug":"con-gran-exito-se-llevo-a-cabo-el-evento-cafest-organizado-por-el-instituto-municipal-de-la-juventud","status":"publish","type":"post","link":"https:\/\/www.puntociegoeditorial.com\/web\/2021\/10\/18\/con-gran-exito-se-llevo-a-cabo-el-evento-cafest-organizado-por-el-instituto-municipal-de-la-juventud\/","title":{"rendered":"Con gran \u00e9xito se llev\u00f3 a cabo el evento \u201cCaf\u00e9st\u201d, organizado por el Instituto Municipal de la Juventud"},"content":{"rendered":"\n<p>Culiac\u00e1n, Sin., a 18 de octubre de 2021.- Con rotundo \u00e9xito y cumpliendo el objetivo trazado, as\u00ed se llev\u00f3 a cabo CAF\u00c9ST, festival del caf\u00e9 organizado por el Instituto Municipal de la Juventud, Ayuntamiento de Culiac\u00e1n y el Centro de Ciencias de Sinaloa, mismo en el que participaron m\u00e1s de 20 marcas locales y que cont\u00f3 con la asistencia de un gran n\u00famero de ciudadanos, quienes disfrutaron del sabor del buen caf\u00e9 en medio de un gran ambiente musical.<br>Erik Zamora Garc\u00eda, director del IMJU, indic\u00f3 que la respuesta de la ciudadan\u00eda fue excelente, al asistir en gran n\u00famero y consumir los productos que hay en la localidad en materia de caf\u00e9, probando diversos sabores y aromas que fueron del agrado de los asistentes.<br>\u201cSe cumpli\u00f3 con el objetivo, que era fomentar el comercio local, promover nuevas marcas en esta materia y sobre todo, que los ciudadanos disfrutaran de una excelente tarde, amenizada con m\u00fasica de jazz a cargo de J\u00f3venes Valores como es el caso de la se\u00f1orita Tal\u00eda Santa Rosa\u201d, extern\u00f3 el funcionario municipal.<br>Este evento, innovador en su tipo, cont\u00f3 con el respaldo del Gobierno de Culiac\u00e1n y la entusiasta participaci\u00f3n del Centro de Ciencias de Sinaloa, quienes facilitaron al Instituto sus instalaciones, todo este esfuerzo coordinado por el IMJU.<br>El titular del \u00e1rea, indic\u00f3 que el IMJU siempre est\u00e1 atento a las necesidades de los j\u00f3venes y la muestra lo es este evento, donde respondieron llevando sus marcas para difusi\u00f3n, para que la sociedad conozca y compruebe la calidad de los productos que en materia de caf\u00e9, gastronom\u00eda y reposter\u00eda existen en esta ciudad capital; sobre todo empresas creadas y dirigidas por j\u00f3venes emprendedores de la ciudad.<\/p>\n\n\n\n<p>\u201cEsperamos que la sociedad siga respondiendo a nuestros eventos, les invitamos a que est\u00e9n pendientes de nuestras redes sociales, a trav\u00e9s de las cuales difundiremos la agenda que se avecina en materia de eventos de esta naturaleza\u201d, dijo el director del IMJU y puso de ejemplo la Feria del Empleo que tendr\u00e1 lugar este mi\u00e9rcoles 20 en el Parque JSM (antes Revoluci\u00f3n) lugar sede de las oficinas de este instituto.<br>\u201cSeguiremos cercanos y atentos a los j\u00f3venes, a todos aquellos que emprenden un negocio propio, con gran esfuerzo; para apoyarles con difusi\u00f3n de sus marcas, fomentando con ello el consumo de los productos hechos en nuestra regi\u00f3n\u201d, sentenci\u00f3 el joven y entusiasta director del IMJU.<br>Asimismo, estim\u00f3 que una veintena de negocios se hicieron presentes este s\u00e1bado en el \u201cCAF\u00c9ST\u201d, al cual asistieron m\u00e1s de 300 ciudadanos, quienes departieron los productos y pasaron una agradable tarde.<br>En fecha pr\u00f3xima, respecto a m\u00e1s eventos, el director del IMJU dijo que se organizar\u00e1 un encuentro deportivo con j\u00f3venes de sindicaturas.<\/p>\n","protected":false},"excerpt":{"rendered":"<p>Culiac\u00e1n, Sin., a 18 de octubre de 2021.- Con rotundo \u00e9xito y cumpliendo el objetivo trazado, as\u00ed se llev\u00f3 a cabo CAF\u00c9ST, festival del caf\u00e9 organizado por el Instituto Municipal de la Juventud, Ayuntamiento de Culiac\u00e1n y el Centro de Ciencias de Sinaloa, mismo en el que participaron m\u00e1s de 20 marcas locales y que [&hellip;]<\/p>\n","protected":false},"author":2,"featured_media":3101,"comment_status":"open","ping_status":"open","sticky":false,"template":"","format":"standard","meta":{"_mi_skip_tracking":false,"footnotes":""},"categories":[12],"tags":[697,696,26],"class_list":["post-3099","post","type-post","status-publish","format-standard","has-post-thumbnail","hentry","category-ciudad","tag-ayuntamiento-de-culiacan","tag-cafest","tag-culiacan"],"_links":{"self":[{"href":"https:\/\/www.puntociegoeditorial.com\/web\/wp-json\/wp\/v2\/posts\/3099","targetHints":{"allow":["GET"]}}],"collection":[{"href":"https:\/\/www.puntociegoeditorial.com\/web\/wp-json\/wp\/v2\/posts"}],"about":[{"href":"https:\/\/www.puntociegoeditorial.com\/web\/wp-json\/wp\/v2\/types\/post"}],"author":[{"embeddable":true,"href":"https:\/\/www.puntociegoeditorial.com\/web\/wp-json\/wp\/v2\/users\/2"}],"replies":[{"embeddable":true,"href":"https:\/\/www.puntociegoeditorial.com\/web\/wp-json\/wp\/v2\/comments?post=3099"}],"version-history":[{"count":1,"href":"https:\/\/www.puntociegoeditorial.com\/web\/wp-json\/wp\/v2\/posts\/3099\/revisions"}],"predecessor-version":[{"id":3102,"href":"https:\/\/www.puntociegoeditorial.com\/web\/wp-json\/wp\/v2\/posts\/3099\/revisions\/3102"}],"wp:featuredmedia":[{"embeddable":true,"href":"https:\/\/www.puntociegoeditorial.com\/web\/wp-json\/wp\/v2\/media\/3101"}],"wp:attachment":[{"href":"https:\/\/www.puntociegoeditorial.com\/web\/wp-json\/wp\/v2\/media?parent=3099"}],"wp:term":[{"taxonomy":"category","embeddable":true,"href":"https:\/\/www.puntociegoeditorial.com\/web\/wp-json\/wp\/v2\/categories?post=3099"},{"taxonomy":"post_tag","embeddable":true,"href":"https:\/\/www.puntociegoeditorial.com\/web\/wp-json\/wp\/v2\/tags?post=3099"}],"curies":[{"name":"wp","href":"https:\/\/api.w.org\/{rel}","templated":true}]}}