{"id":3239,"date":"2021-10-20T15:09:15","date_gmt":"2021-10-20T21:09:15","guid":{"rendered":"https:\/\/puntociegoeditorial.com\/web\/?p=3239"},"modified":"2021-10-20T15:09:15","modified_gmt":"2021-10-20T21:09:15","slug":"instituto-de-cancerologia-celebra-el-dia-mundial-de-la-lucha-contra-el-cancer-de-mama","status":"publish","type":"post","link":"https:\/\/www.puntociegoeditorial.com\/web\/2021\/10\/20\/instituto-de-cancerologia-celebra-el-dia-mundial-de-la-lucha-contra-el-cancer-de-mama\/","title":{"rendered":"Instituto de Cancerolog\u00eda celebra el D\u00eda Mundial de la lucha contra el C\u00e1ncer de mama"},"content":{"rendered":"\n<p>Culiacan, Sin.- En el marco de la celebraci\u00f3n del d\u00eda mundial de la lucha contra el c\u00e1ncer de mama, el Instituto Sinaloense de Cancerolog\u00eda celebr\u00f3 esta emotiva fecha con diferentes actividades para concientizar sobre la prevenci\u00f3n de este lamentable flagelo que hoy en d\u00eda no solamente afecta a las mujeres sino tambi\u00e9n a los hombres.<\/p>\n\n\n\n<p>Con el lema \u00abTocate para que no te Toque\u00bb, la Directora del Instituto Ivette Margarita Palma Valle resalt\u00f3 que esta celebraci\u00f3n es de suma importancia para el Instituto porque les permite ir en busca de m\u00e1s casos y as\u00ed detectarlos de manera m\u00e1s temprana previniendo graves consecuencias en las paciente.<\/p>\n\n\n\n<p>Palma Valle enfatiz\u00f3 que al ser el c\u00e1ncer de mama una de las principales causas de muertes entre las mujeres, es importante que las f\u00e9minas se auto exploren para detectar a tiempo cualquier s\u00edntoma y as\u00ed atenderlo de manera inmediata, pues est\u00e1 comprobado que si este padecimiento se detecta de manera temprana es garant\u00eda de que se pueda superar en un 100%.<\/p>\n\n\n\n<p>Cabe resaltar que este importante evento de concientizaci\u00f3n tuvo la presencia de la Presidenta Municipal de Salvador Alvarado, Pier Angely Camacho Montoya, quien don\u00f3 29 pr\u00f3tesis para guerreras de la lucha rosa.<\/p>\n","protected":false},"excerpt":{"rendered":"<p>Culiacan, Sin.- En el marco de la celebraci\u00f3n del d\u00eda mundial de la lucha contra el c\u00e1ncer de mama, el Instituto Sinaloense de Cancerolog\u00eda celebr\u00f3 esta emotiva fecha con diferentes actividades para concientizar sobre la prevenci\u00f3n de este lamentable flagelo que hoy en d\u00eda no solamente afecta a las mujeres sino tambi\u00e9n a los hombres. [&hellip;]<\/p>\n","protected":false},"author":2,"featured_media":3240,"comment_status":"open","ping_status":"open","sticky":false,"template":"","format":"standard","meta":{"_mi_skip_tracking":false,"footnotes":""},"categories":[12],"tags":[536,26,726],"class_list":["post-3239","post","type-post","status-publish","format-standard","has-post-thumbnail","hentry","category-ciudad","tag-cancer-de-mama","tag-culiacan","tag-instituto-de-cancerologia"],"_links":{"self":[{"href":"https:\/\/www.puntociegoeditorial.com\/web\/wp-json\/wp\/v2\/posts\/3239","targetHints":{"allow":["GET"]}}],"collection":[{"href":"https:\/\/www.puntociegoeditorial.com\/web\/wp-json\/wp\/v2\/posts"}],"about":[{"href":"https:\/\/www.puntociegoeditorial.com\/web\/wp-json\/wp\/v2\/types\/post"}],"author":[{"embeddable":true,"href":"https:\/\/www.puntociegoeditorial.com\/web\/wp-json\/wp\/v2\/users\/2"}],"replies":[{"embeddable":true,"href":"https:\/\/www.puntociegoeditorial.com\/web\/wp-json\/wp\/v2\/comments?post=3239"}],"version-history":[{"count":1,"href":"https:\/\/www.puntociegoeditorial.com\/web\/wp-json\/wp\/v2\/posts\/3239\/revisions"}],"predecessor-version":[{"id":3241,"href":"https:\/\/www.puntociegoeditorial.com\/web\/wp-json\/wp\/v2\/posts\/3239\/revisions\/3241"}],"wp:featuredmedia":[{"embeddable":true,"href":"https:\/\/www.puntociegoeditorial.com\/web\/wp-json\/wp\/v2\/media\/3240"}],"wp:attachment":[{"href":"https:\/\/www.puntociegoeditorial.com\/web\/wp-json\/wp\/v2\/media?parent=3239"}],"wp:term":[{"taxonomy":"category","embeddable":true,"href":"https:\/\/www.puntociegoeditorial.com\/web\/wp-json\/wp\/v2\/categories?post=3239"},{"taxonomy":"post_tag","embeddable":true,"href":"https:\/\/www.puntociegoeditorial.com\/web\/wp-json\/wp\/v2\/tags?post=3239"}],"curies":[{"name":"wp","href":"https:\/\/api.w.org\/{rel}","templated":true}]}}