{"id":3254,"date":"2021-10-20T16:20:56","date_gmt":"2021-10-20T22:20:56","guid":{"rendered":"https:\/\/puntociegoeditorial.com\/web\/?p=3254"},"modified":"2021-10-20T16:20:56","modified_gmt":"2021-10-20T22:20:56","slug":"entrega-alcalde-reconocimiento-al-destacado-joven-taekwondista-carlos-emilio-baez","status":"publish","type":"post","link":"https:\/\/www.puntociegoeditorial.com\/web\/2021\/10\/20\/entrega-alcalde-reconocimiento-al-destacado-joven-taekwondista-carlos-emilio-baez\/","title":{"rendered":"Entrega Alcalde reconocimiento al destacado joven taekwondista, Carlos Emilio B\u00e1ez"},"content":{"rendered":"\n<p>Culiac\u00e1n, Sin., a 20 de octubre de 2021.- Por su destacada participaci\u00f3n en el Campeonato Mundial de los Juegos Deportivos Escolares ISF U15, el joven taekwondista Carlos Emilio B\u00e1ez, recibi\u00f3 de manos del alcalde Lic. Jes\u00fas Estrada Ferreiro, un reconocimiento y est\u00edmulo econ\u00f3mico tras poner en alto el nombre de Culiac\u00e1n.<br>Durante la ceremonia, el presidente municipal felicit\u00f3 al joven atleta de 12 a\u00f1os por haber logrado la medalla de bronce en este certamen internacional celebrado en la ciudad de Belgrado, Serbia; donde el esfuerzo, la disciplina y el compromiso de Carlos Emilio sali\u00f3 a relucir para alcanzar este importante m\u00e9rito deportivo.<br>\u201cA nombre del pueblo de Culiac\u00e1n te felicito por este logro, sin duda alguna eres un ejemplo a seguir para las nuevas generaciones; sigue adelante pero nunca descuides la escuela, porque el estudio y la preparaci\u00f3n acad\u00e9mica es el mejor patrimonio que tenemos como seres humanos\u201d, manifest\u00f3 Estrada Ferreiro.<br>Por su parte, Carlos Octavio Lara Cebreros, director del Instituto Municipal del Deporte y la Cultura F\u00edsica, se\u00f1al\u00f3 que desde el primer momento en que Carlos Emilio B\u00e1ez solicit\u00f3 apoyo para hacer realidad su sue\u00f1o, se le apoy\u00f3 de manera inmediata para que representara dignamente a la capital sinaloense.<br>Finalmente, Carlos Emilio agradeci\u00f3 a las autoridades municipales y, muy en especial, al alcalde Lic. Jes\u00fas Estrada Ferreiro por toda la ayuda brindada para hacer realidad su anhelo de competir en dicha justa deportiva de nivel internacional.<br>\u201cMe siento muy feliz y contento por este reconocimiento al esfuerzo y trabajo que he construido de la mano de mi familia, amigos y entrenadores; me siento orgulloso porque no es un logro f\u00e1cil ni sencillo de alcanzar, ya que detr\u00e1s de este existe una gran dedicaci\u00f3n acompa\u00f1ada de grandes sacrificios para salir adelante\u201d, expres\u00f3.<br>Acto seguido, se procedi\u00f3 a la entrega del reconocimiento y un cheque econ\u00f3mico por la cantidad de 20 mil pesos.<\/p>\n","protected":false},"excerpt":{"rendered":"<p>Culiac\u00e1n, Sin., a 20 de octubre de 2021.- Por su destacada participaci\u00f3n en el Campeonato Mundial de los Juegos Deportivos Escolares ISF U15, el joven taekwondista Carlos Emilio B\u00e1ez, recibi\u00f3 de manos del alcalde Lic. Jes\u00fas Estrada Ferreiro, un reconocimiento y est\u00edmulo econ\u00f3mico tras poner en alto el nombre de Culiac\u00e1n.Durante la ceremonia, el presidente [&hellip;]<\/p>\n","protected":false},"author":2,"featured_media":3255,"comment_status":"open","ping_status":"open","sticky":false,"template":"","format":"standard","meta":{"_mi_skip_tracking":false,"footnotes":""},"categories":[16],"tags":[26,59,376],"class_list":["post-3254","post","type-post","status-publish","format-standard","has-post-thumbnail","hentry","category-accion","tag-culiacan","tag-jesus-estrada-ferreiro","tag-taekwondo"],"_links":{"self":[{"href":"https:\/\/www.puntociegoeditorial.com\/web\/wp-json\/wp\/v2\/posts\/3254","targetHints":{"allow":["GET"]}}],"collection":[{"href":"https:\/\/www.puntociegoeditorial.com\/web\/wp-json\/wp\/v2\/posts"}],"about":[{"href":"https:\/\/www.puntociegoeditorial.com\/web\/wp-json\/wp\/v2\/types\/post"}],"author":[{"embeddable":true,"href":"https:\/\/www.puntociegoeditorial.com\/web\/wp-json\/wp\/v2\/users\/2"}],"replies":[{"embeddable":true,"href":"https:\/\/www.puntociegoeditorial.com\/web\/wp-json\/wp\/v2\/comments?post=3254"}],"version-history":[{"count":1,"href":"https:\/\/www.puntociegoeditorial.com\/web\/wp-json\/wp\/v2\/posts\/3254\/revisions"}],"predecessor-version":[{"id":3256,"href":"https:\/\/www.puntociegoeditorial.com\/web\/wp-json\/wp\/v2\/posts\/3254\/revisions\/3256"}],"wp:featuredmedia":[{"embeddable":true,"href":"https:\/\/www.puntociegoeditorial.com\/web\/wp-json\/wp\/v2\/media\/3255"}],"wp:attachment":[{"href":"https:\/\/www.puntociegoeditorial.com\/web\/wp-json\/wp\/v2\/media?parent=3254"}],"wp:term":[{"taxonomy":"category","embeddable":true,"href":"https:\/\/www.puntociegoeditorial.com\/web\/wp-json\/wp\/v2\/categories?post=3254"},{"taxonomy":"post_tag","embeddable":true,"href":"https:\/\/www.puntociegoeditorial.com\/web\/wp-json\/wp\/v2\/tags?post=3254"}],"curies":[{"name":"wp","href":"https:\/\/api.w.org\/{rel}","templated":true}]}}