{"id":3260,"date":"2021-10-20T21:11:43","date_gmt":"2021-10-21T03:11:43","guid":{"rendered":"https:\/\/puntociegoeditorial.com\/web\/?p=3260"},"modified":"2021-10-20T21:11:43","modified_gmt":"2021-10-21T03:11:43","slug":"gildardo-leyva-atiende-peticion-y-lleva-luminarias-al-ejido-lazaro-cardenas","status":"publish","type":"post","link":"https:\/\/www.puntociegoeditorial.com\/web\/2021\/10\/20\/gildardo-leyva-atiende-peticion-y-lleva-luminarias-al-ejido-lazaro-cardenas\/","title":{"rendered":"Gildardo Leyva atiende petici\u00f3n y lleva luminarias al ejido L\u00e1zaro C\u00e1rdenas"},"content":{"rendered":"\n<p>El Presidente Municipal Electo de El Fuerte se traslad\u00f3 a dicha comunidad para dar soluci\u00f3n a las familias que estaban solicitando su apoyo<\/p>\n\n\n\n<p>El Fuerte, Sinaloa, a 20 de octubre del 2021.- Ante la solicitud de las familias del ejido L\u00e1zaro C\u00e1rdenas, comunidad perteneciente a la sindicatura de Jahuara Segundo, quienes ped\u00edan el apoyo de Gildardo Leyva Ortega ya que dicha localidad ten\u00eda problemas en el tema de la iluminaci\u00f3n, el Presidente Municipal Electo se traslad\u00f3 al lugar para llevar apoyo a los solicitantes.<\/p>\n\n\n\n<p>Leyva Ortega explic\u00f3 que a\u00fan no entra en funciones, pero que dicha acci\u00f3n se realiz\u00f3 con recursos de \u00e9l mismo, as\u00ed como con apoyo de su equipo de trabajo para la instalaci\u00f3n de las luminarias.<\/p>\n\n\n\n<p>Lament\u00f3 que dicha comunidad tuviera mucho tiempo solicitando a las autoridades una soluci\u00f3n a su problema, sin que les dieran una respuesta positiva, por lo que esta situaci\u00f3n no pod\u00eda continuar y luego de tener conocimiento decidi\u00f3 darle respuesta de manera inmediata.<\/p>\n\n\n\n<p>\u201cEstamos preocupados porque la gente est\u00e9 bien, y estamos aportando nuestro granito de arena a conforme podemos, quisi\u00e9ramos hacer m\u00e1s, apoyar a todos, ahorita vamos poco a poco y pr\u00f3ximamente ya estaremos en funciones y estaremos atendiendo lo que m\u00e1s aqueja en las diferentes comunidades de nuestro municipio\u201d, expres\u00f3 Gildardo Leyva.<br>Inform\u00f3 que las comunidades de Capomos y Tetaroba tambi\u00e9n ser\u00e1n atendidas durante este mi\u00e9rcoles, donde se realizar\u00e1n raspados de caminos y limpiezas de panteones previo al D\u00eda de Muertos, as\u00ed como algunos caminos que comunican a diversas localidades.<\/p>\n","protected":false},"excerpt":{"rendered":"<p>El Presidente Municipal Electo de El Fuerte se traslad\u00f3 a dicha comunidad para dar soluci\u00f3n a las familias que estaban solicitando su apoyo El Fuerte, Sinaloa, a 20 de octubre del 2021.- Ante la solicitud de las familias del ejido L\u00e1zaro C\u00e1rdenas, comunidad perteneciente a la sindicatura de Jahuara Segundo, quienes ped\u00edan el apoyo de [&hellip;]<\/p>\n","protected":false},"author":2,"featured_media":3261,"comment_status":"open","ping_status":"open","sticky":false,"template":"","format":"standard","meta":{"_mi_skip_tracking":false,"footnotes":""},"categories":[13],"tags":[33,643,21],"class_list":["post-3260","post","type-post","status-publish","format-standard","has-post-thumbnail","hentry","category-sinaloa","tag-el-fuerte","tag-gildardo-leyva","tag-sinaloa"],"_links":{"self":[{"href":"https:\/\/www.puntociegoeditorial.com\/web\/wp-json\/wp\/v2\/posts\/3260","targetHints":{"allow":["GET"]}}],"collection":[{"href":"https:\/\/www.puntociegoeditorial.com\/web\/wp-json\/wp\/v2\/posts"}],"about":[{"href":"https:\/\/www.puntociegoeditorial.com\/web\/wp-json\/wp\/v2\/types\/post"}],"author":[{"embeddable":true,"href":"https:\/\/www.puntociegoeditorial.com\/web\/wp-json\/wp\/v2\/users\/2"}],"replies":[{"embeddable":true,"href":"https:\/\/www.puntociegoeditorial.com\/web\/wp-json\/wp\/v2\/comments?post=3260"}],"version-history":[{"count":1,"href":"https:\/\/www.puntociegoeditorial.com\/web\/wp-json\/wp\/v2\/posts\/3260\/revisions"}],"predecessor-version":[{"id":3262,"href":"https:\/\/www.puntociegoeditorial.com\/web\/wp-json\/wp\/v2\/posts\/3260\/revisions\/3262"}],"wp:featuredmedia":[{"embeddable":true,"href":"https:\/\/www.puntociegoeditorial.com\/web\/wp-json\/wp\/v2\/media\/3261"}],"wp:attachment":[{"href":"https:\/\/www.puntociegoeditorial.com\/web\/wp-json\/wp\/v2\/media?parent=3260"}],"wp:term":[{"taxonomy":"category","embeddable":true,"href":"https:\/\/www.puntociegoeditorial.com\/web\/wp-json\/wp\/v2\/categories?post=3260"},{"taxonomy":"post_tag","embeddable":true,"href":"https:\/\/www.puntociegoeditorial.com\/web\/wp-json\/wp\/v2\/tags?post=3260"}],"curies":[{"name":"wp","href":"https:\/\/api.w.org\/{rel}","templated":true}]}}