{"id":3728,"date":"2021-10-29T13:30:14","date_gmt":"2021-10-29T19:30:14","guid":{"rendered":"https:\/\/puntociegoeditorial.com\/web\/?p=3728"},"modified":"2021-10-29T13:30:15","modified_gmt":"2021-10-29T19:30:15","slug":"preparado-para-lo-que-venga","status":"publish","type":"post","link":"https:\/\/www.puntociegoeditorial.com\/web\/2021\/10\/29\/preparado-para-lo-que-venga\/","title":{"rendered":"Preparado para lo que venga"},"content":{"rendered":"\n<p>Redacci\u00f3n<\/p>\n\n\n\n<p>CULIAC\u00c1N, Sinaloa._ Al ser confirmado en la cartelera de este 5 de noviembre de boxeo profesional de JD Promotions, denominada \u201cTerror en el Ring\u201d, el Campe\u00f3n Nacional Edy Valencia Mercado coment\u00f3 estar preparado para lo que venga.<\/p>\n\n\n\n<p>Y es que apenas el pasado 1 de octubre derrot\u00f3 a Santiago \u201cChango\u201d Alarc\u00f3n, y en esta ocasi\u00f3n enfrentar\u00e1 a otro \u201cChango\u201d, el guasavense Jes\u00fas \u201cMonkey\u201d Rend\u00f3n.<\/p>\n\n\n\n<p>\u201cPara esta pelea quiero hacer notar mi preparaci\u00f3n, no he dejado de entrenar desde hace unos meses y me siento mejor, m\u00e1s s\u00f3lido, m\u00e1s trabajado f\u00edsica y mentalmente, no me interesa el rival, quien sea, voy a tratar de&nbsp; dar lo mejor de m\u00ed y que noten a Edy Valencia diferente\u201d, resalt\u00f3 el pugilista.<\/p>\n\n\n\n<p>Ya con una vasta carrera como profesional, el pugilista de 30 a\u00f1os tiene en mente seguir peleando a corto plazo y buscar grandes contiendas, buscando otra pelea como la que tuvo hace unos meses en Inglaterra, donde se midi\u00f3 ante Patrick Ward con una buena actuaci\u00f3n:<\/p>\n\n\n\n<p>\u201cLos planes son cerrar este a\u00f1o con una pelea muy importante, no pierdo la esperanza en cerrar muy bien y si es una defensa del t\u00edtulo nacional pues mejor, si no, buscar una oportunidad importante internacional\u201d, a\u00f1adi\u00f3.<\/p>\n","protected":false},"excerpt":{"rendered":"<p>Redacci\u00f3n CULIAC\u00c1N, Sinaloa._ Al ser confirmado en la cartelera de este 5 de noviembre de boxeo profesional de JD Promotions, denominada \u201cTerror en el Ring\u201d, el Campe\u00f3n Nacional Edy Valencia Mercado coment\u00f3 estar preparado para lo que venga. Y es que apenas el pasado 1 de octubre derrot\u00f3 a Santiago \u201cChango\u201d Alarc\u00f3n, y en esta [&hellip;]<\/p>\n","protected":false},"author":4,"featured_media":3729,"comment_status":"open","ping_status":"open","sticky":false,"template":"","format":"standard","meta":{"_mi_skip_tracking":false,"footnotes":""},"categories":[16],"tags":[288,548,549,300],"class_list":["post-3728","post","type-post","status-publish","format-standard","has-post-thumbnail","hentry","category-accion","tag-box","tag-boxeo-profesional","tag-edy-valencia","tag-jd-promotions"],"_links":{"self":[{"href":"https:\/\/www.puntociegoeditorial.com\/web\/wp-json\/wp\/v2\/posts\/3728","targetHints":{"allow":["GET"]}}],"collection":[{"href":"https:\/\/www.puntociegoeditorial.com\/web\/wp-json\/wp\/v2\/posts"}],"about":[{"href":"https:\/\/www.puntociegoeditorial.com\/web\/wp-json\/wp\/v2\/types\/post"}],"author":[{"embeddable":true,"href":"https:\/\/www.puntociegoeditorial.com\/web\/wp-json\/wp\/v2\/users\/4"}],"replies":[{"embeddable":true,"href":"https:\/\/www.puntociegoeditorial.com\/web\/wp-json\/wp\/v2\/comments?post=3728"}],"version-history":[{"count":1,"href":"https:\/\/www.puntociegoeditorial.com\/web\/wp-json\/wp\/v2\/posts\/3728\/revisions"}],"predecessor-version":[{"id":3730,"href":"https:\/\/www.puntociegoeditorial.com\/web\/wp-json\/wp\/v2\/posts\/3728\/revisions\/3730"}],"wp:featuredmedia":[{"embeddable":true,"href":"https:\/\/www.puntociegoeditorial.com\/web\/wp-json\/wp\/v2\/media\/3729"}],"wp:attachment":[{"href":"https:\/\/www.puntociegoeditorial.com\/web\/wp-json\/wp\/v2\/media?parent=3728"}],"wp:term":[{"taxonomy":"category","embeddable":true,"href":"https:\/\/www.puntociegoeditorial.com\/web\/wp-json\/wp\/v2\/categories?post=3728"},{"taxonomy":"post_tag","embeddable":true,"href":"https:\/\/www.puntociegoeditorial.com\/web\/wp-json\/wp\/v2\/tags?post=3728"}],"curies":[{"name":"wp","href":"https:\/\/api.w.org\/{rel}","templated":true}]}}