{"id":3746,"date":"2021-10-29T17:21:39","date_gmt":"2021-10-29T23:21:39","guid":{"rendered":"https:\/\/puntociegoeditorial.com\/web\/?p=3746"},"modified":"2021-10-29T17:21:39","modified_gmt":"2021-10-29T23:21:39","slug":"invita-pro-educa-sinaloa-a-su-tercera-carrera-con-causa-corro-por-sus-suenos","status":"publish","type":"post","link":"https:\/\/www.puntociegoeditorial.com\/web\/2021\/10\/29\/invita-pro-educa-sinaloa-a-su-tercera-carrera-con-causa-corro-por-sus-suenos\/","title":{"rendered":"Invita Pro-Educa Sinaloa a su tercera carrera con causa \u201cCorro por sus sue\u00f1os\u201d"},"content":{"rendered":"\n<p>Culiac\u00e1n, Sinaloa a 29 de octubre de 2021.- La directora de PROEDUCA IAO, Lic. Gabriela Espinoza Valenzuela invit\u00f3 a participar en la Tercera carrera con causa \u00abCorro por sus sue\u00f1os 2021\u00bb que se llevar\u00e1 a cabo el domingo 28 de noviembre en punto de las 8 de la ma\u00f1ana.<br>Acompa\u00f1ada del Jefe T\u00e9cnico del Instituto Municipal del Deporte y la Cultura F\u00edsica, Iv\u00e1n Esparza Pacheco, dijo que la pedestre de convivencia tiene como objetivo, recaudar fondos para la mejora de las condiciones de escuelas p\u00fablicas y combatir la deserci\u00f3n escolar infantil.<br>Explic\u00f3 que el banderazo de salida se dar\u00e1 a las 8:00 de la ma\u00f1ana en el boulevard Ni\u00f1os H\u00e9roes (Malec\u00f3n Nuevo), esquina con Sep\u00falveda y el recorrido finalizar\u00e1 en el mismo punto.<br>Los corredores -dijo- podr\u00e1n elegir las distancias de 3k o 5k, adem\u00e1s que tambi\u00e9n habr\u00e1 carreras infantiles de 50, 100, 200 y 300 metros en las varonil y femenil.<br>En la rueda de prensa, el Subdirector de Tr\u00e1nsito, Marco C\u00e9sar Y\u00e1\u00f1ez inform\u00f3, que en coordinaci\u00f3n con Cruz Roja, estar\u00e1n apoyando ambulancias y 20 elementos de tr\u00e1nsito que garantizar\u00e1n la seguridad de los participantes durante el recorrido.<br>La directora general de PROEDUCA Sinaloa IAP agreg\u00f3, que el evento se llevar\u00e1 a cabo con las medidas sanitarias establecidas por COEPRISS en conjunto con la Asociaci\u00f3n de Atletismo, con el fin de que los participantes se mantengan seguros ante la pandemia.<br>\u00abLa carrera contar\u00e1 con modalidad h\u00edbrida, es decir, los corredores pueden inscribirse de manera presencial o virtual, por lo que es posible sumarse y realizar el recorrido desde cualquier parte de M\u00e9xico\u00bb, dijo.<br>Las inscripciones est\u00e1n abiertas con un costo de $250 pesos y los corredores que se inscriban antes del 5 de noviembre, tendr\u00e1n derecho al kit deportivo que incluye n\u00famero de corredor, playera Dry-Fit, medalla de participaci\u00f3n para los primeros 500 participantes que crucen la meta, as\u00ed como acceso a las rifas y promociones que se realizar\u00e1n el d\u00eda del evento, asegur\u00f3 Espinoza Valenzuela.<br>Precis\u00f3 que \u00abel dinero que se recaude, una parte se destinar\u00e1 a apoyar a escuelas p\u00fablicas con insumos m\u00e9dicos como gel antibacterial, cubrebocas y jab\u00f3n para manos para garantizar un seguro regreso a clases y tambi\u00e9n se destinara otra parte para seguir dando clases de emprendimiento infantil y talleres gratuitos en m\u00e1s de 80 escuelas, adem\u00e1s de que se adquirir\u00e1 material para realizar dichas labores.<br>Dijo que se tiene asegurada una bolsa de premios de m\u00e1s de 10 mil pesos en especie, cortes\u00eda de los patrocinadores del evento, en la que se sumaron 40 empresas como TaiPak, Casa Mar\u00eda, BeisBox, Pizzeta; Zool\u00f3gico de Culiac\u00e1n, Fundaci\u00f3n Coppel, SuKarne, DiveMex, Exa Radio, Plaza Ceiba, Total Play, Electrolit, Deportenis, entre otras.<br>Los ganadores absolutos en los 5 k en varonil y femenil, se llevar\u00e1n su respectiva medalla (1er, 2do. Y 3er lugar) y premios en especie. Tambi\u00e9n se premiar\u00e1 a los tres primeros lugares de cada categor\u00eda de las carreras infantiles con medallas y regalos sorpresa en la ceremonia de premiaci\u00f3n que tendr\u00e1 lugar en el Parque Las Riberas.<br>Los puntos de venta de los boletos son las tiendas NATUVIT ubicadas en Walmart 68, Walmart Tres R\u00edos, Plaza 500 y Soriana La Campi\u00f1a. Los participantes tambi\u00e9n pueden inscribirse en l\u00ednea en la p\u00e1gina www.carreraproeduca.com.<\/p>\n\n\n\n<p>La conferencia de prensa tambi\u00e9n estuvieron presentes, Marco C\u00e9sar Y\u00e1\u00f1ez, Subdirector de Tr\u00e1nsito;0 Ricardo Mart\u00ednez Malaqu\u00edas, representante de Direcci\u00f3n de Protecci\u00f3n Civil; Melecio Angulo Hern\u00e1ndez, presidente de la Asociaci\u00f3n de Atletismo en Sinaloa; Alberto Emerich, representante de la Comisi\u00f3n Estatal de la Protecci\u00f3n para Riesgos Sanitarios; Erick Montoya Gonz\u00e1lez, Representante de Cruz Roja y de Sof\u00edo Zazueta Anguamea, presidente del Comit\u00e9 Municipal de Atletismo.<\/p>\n","protected":false},"excerpt":{"rendered":"<p>Culiac\u00e1n, Sinaloa a 29 de octubre de 2021.- La directora de PROEDUCA IAO, Lic. Gabriela Espinoza Valenzuela invit\u00f3 a participar en la Tercera carrera con causa \u00abCorro por sus sue\u00f1os 2021\u00bb que se llevar\u00e1 a cabo el domingo 28 de noviembre en punto de las 8 de la ma\u00f1ana.Acompa\u00f1ada del Jefe T\u00e9cnico del Instituto Municipal [&hellip;]<\/p>\n","protected":false},"author":2,"featured_media":3747,"comment_status":"open","ping_status":"open","sticky":false,"template":"","format":"standard","meta":{"_mi_skip_tracking":false,"footnotes":""},"categories":[13],"tags":[769,21],"class_list":["post-3746","post","type-post","status-publish","format-standard","has-post-thumbnail","hentry","category-sinaloa","tag-proeduca","tag-sinaloa"],"_links":{"self":[{"href":"https:\/\/www.puntociegoeditorial.com\/web\/wp-json\/wp\/v2\/posts\/3746","targetHints":{"allow":["GET"]}}],"collection":[{"href":"https:\/\/www.puntociegoeditorial.com\/web\/wp-json\/wp\/v2\/posts"}],"about":[{"href":"https:\/\/www.puntociegoeditorial.com\/web\/wp-json\/wp\/v2\/types\/post"}],"author":[{"embeddable":true,"href":"https:\/\/www.puntociegoeditorial.com\/web\/wp-json\/wp\/v2\/users\/2"}],"replies":[{"embeddable":true,"href":"https:\/\/www.puntociegoeditorial.com\/web\/wp-json\/wp\/v2\/comments?post=3746"}],"version-history":[{"count":1,"href":"https:\/\/www.puntociegoeditorial.com\/web\/wp-json\/wp\/v2\/posts\/3746\/revisions"}],"predecessor-version":[{"id":3748,"href":"https:\/\/www.puntociegoeditorial.com\/web\/wp-json\/wp\/v2\/posts\/3746\/revisions\/3748"}],"wp:featuredmedia":[{"embeddable":true,"href":"https:\/\/www.puntociegoeditorial.com\/web\/wp-json\/wp\/v2\/media\/3747"}],"wp:attachment":[{"href":"https:\/\/www.puntociegoeditorial.com\/web\/wp-json\/wp\/v2\/media?parent=3746"}],"wp:term":[{"taxonomy":"category","embeddable":true,"href":"https:\/\/www.puntociegoeditorial.com\/web\/wp-json\/wp\/v2\/categories?post=3746"},{"taxonomy":"post_tag","embeddable":true,"href":"https:\/\/www.puntociegoeditorial.com\/web\/wp-json\/wp\/v2\/tags?post=3746"}],"curies":[{"name":"wp","href":"https:\/\/api.w.org\/{rel}","templated":true}]}}