{"id":3749,"date":"2021-10-29T17:24:26","date_gmt":"2021-10-29T23:24:26","guid":{"rendered":"https:\/\/puntociegoeditorial.com\/web\/?p=3749"},"modified":"2021-10-29T17:24:26","modified_gmt":"2021-10-29T23:24:26","slug":"el-rival-que-sea-yo-voy-a-tratar-de-dar-lo-mejor-de-mi-edy-valencia","status":"publish","type":"post","link":"https:\/\/www.puntociegoeditorial.com\/web\/2021\/10\/29\/el-rival-que-sea-yo-voy-a-tratar-de-dar-lo-mejor-de-mi-edy-valencia\/","title":{"rendered":"\u201cEL RIVAL QUE SEA YO VOY A TRATAR DE DAR LO MEJOR DE M\u00cd\u201d: EDY VALENCIA"},"content":{"rendered":"\n<p>Culiac\u00e1n, Sinaloa a 29 de Octubre del 2021<br>El culichi EDY \u201cDINAMITA\u201d VALENCIA ser\u00e1 otro de los estelares que veremos en la velada box\u00edstica denominada \u201cTERROR EN EL RING\u201dde JD PROMOTIONS, programada para el pr\u00f3ximo viernes 05 de Noviembre en el Palenque de la Feria Ganadera, teniendo como rival al guasavense Jes\u00fas \u201cMonky\u201d Rend\u00f3n.<br>Tras vencer a Santiago Alarc\u00f3n el pasado 01 de octubre, Edy buscar\u00e1 continuar con esa inercia positiva y aprovechar el trabajo realizado hasta hoy:<br>\u201cPara esta pelea del 05 de noviembre quiero hacer notar la preparaci\u00f3n y continuidad, no he dejado de entrenar desde hace unos meses y me siento mejor, m\u00e1s s\u00f3lido, m\u00e1s trabajado f\u00edsica y mentalmente, el rival que sea yo voy a tratar de dar lo mejor de m\u00ed para dar una gran pelea y que noten a Edy Valencia con una mejor preparaci\u00f3n\u201d, se\u00f1al\u00f3.<br>Ya con una vasta carrera como profesional, el pugilista de 30 a\u00f1os tiene en mente seguir peleando a corto plazo y buscar grandes contiendas, buscando otra pelea como la que tuvo hace unos meses en Inglaterra, donde se midi\u00f3 ante Patrick Ward con una buena actuaci\u00f3n:<br>\u201cLos planes son cerrar este a\u00f1o con una pelea muy importante, no pierdo la esperanza de en diciembre cerrar muy bien y si es una defensa del t\u00edtulo nacional pues mejor, si no, buscar una oportunidad importante internacional. Hemos tenido una preparaci\u00f3n m\u00e1s fuerte f\u00edsicamente, hemos trabajado un poco m\u00e1s las pesas y la alimentaci\u00f3n la he cuidado muy bien\u00a8, agreg\u00f3 Edy.<br>Para finalizar, Valencia Mercado le deja unas palabras y agradecimientos a la gente que ha respaldado su actividad dentro del ring:<br>\u201cQuiero mandarle un saludo a todos mis seguidores que nunca me han dejado, a mis patrocinadores y amigos, a mi entrenador H\u00e9ctor Murillo que no me deja de la mano, todos los de Box Gym Valle Alto, al Ingeniero Armando Carrillo, Sa\u00fal Ar\u00e1uz, Ger\u00f3nimo Plascencia que son de mis patrocinadores que han estado conmigo, para Marco Rodr\u00edguez, un saludo para todos ellos\u201d, culmin\u00f3.<\/p>\n","protected":false},"excerpt":{"rendered":"<p>Culiac\u00e1n, Sinaloa a 29 de Octubre del 2021El culichi EDY \u201cDINAMITA\u201d VALENCIA ser\u00e1 otro de los estelares que veremos en la velada box\u00edstica denominada \u201cTERROR EN EL RING\u201dde JD PROMOTIONS, programada para el pr\u00f3ximo viernes 05 de Noviembre en el Palenque de la Feria Ganadera, teniendo como rival al guasavense Jes\u00fas \u201cMonky\u201d Rend\u00f3n.Tras vencer a [&hellip;]<\/p>\n","protected":false},"author":2,"featured_media":3750,"comment_status":"open","ping_status":"open","sticky":false,"template":"","format":"standard","meta":{"_mi_skip_tracking":false,"footnotes":""},"categories":[16],"tags":[288,26,638],"class_list":["post-3749","post","type-post","status-publish","format-standard","has-post-thumbnail","hentry","category-accion","tag-box","tag-culiacan","tag-terror-en-el-ring"],"_links":{"self":[{"href":"https:\/\/www.puntociegoeditorial.com\/web\/wp-json\/wp\/v2\/posts\/3749","targetHints":{"allow":["GET"]}}],"collection":[{"href":"https:\/\/www.puntociegoeditorial.com\/web\/wp-json\/wp\/v2\/posts"}],"about":[{"href":"https:\/\/www.puntociegoeditorial.com\/web\/wp-json\/wp\/v2\/types\/post"}],"author":[{"embeddable":true,"href":"https:\/\/www.puntociegoeditorial.com\/web\/wp-json\/wp\/v2\/users\/2"}],"replies":[{"embeddable":true,"href":"https:\/\/www.puntociegoeditorial.com\/web\/wp-json\/wp\/v2\/comments?post=3749"}],"version-history":[{"count":1,"href":"https:\/\/www.puntociegoeditorial.com\/web\/wp-json\/wp\/v2\/posts\/3749\/revisions"}],"predecessor-version":[{"id":3751,"href":"https:\/\/www.puntociegoeditorial.com\/web\/wp-json\/wp\/v2\/posts\/3749\/revisions\/3751"}],"wp:featuredmedia":[{"embeddable":true,"href":"https:\/\/www.puntociegoeditorial.com\/web\/wp-json\/wp\/v2\/media\/3750"}],"wp:attachment":[{"href":"https:\/\/www.puntociegoeditorial.com\/web\/wp-json\/wp\/v2\/media?parent=3749"}],"wp:term":[{"taxonomy":"category","embeddable":true,"href":"https:\/\/www.puntociegoeditorial.com\/web\/wp-json\/wp\/v2\/categories?post=3749"},{"taxonomy":"post_tag","embeddable":true,"href":"https:\/\/www.puntociegoeditorial.com\/web\/wp-json\/wp\/v2\/tags?post=3749"}],"curies":[{"name":"wp","href":"https:\/\/api.w.org\/{rel}","templated":true}]}}