{"id":41168,"date":"2024-03-28T10:09:58","date_gmt":"2024-03-28T17:09:58","guid":{"rendered":"https:\/\/www.puntociegoeditorial.com\/web\/?p=41168"},"modified":"2024-03-28T10:09:58","modified_gmt":"2024-03-28T17:09:58","slug":"mingo-vazquez-el-candidato-del-pan-de-la-coalicion-por-ahome","status":"publish","type":"post","link":"https:\/\/www.puntociegoeditorial.com\/web\/2024\/03\/28\/mingo-vazquez-el-candidato-del-pan-de-la-coalicion-por-ahome\/","title":{"rendered":"MINGO V\u00c1ZQUEZ EL CANDIDATO DEL PAN DE LA COALICI\u00d3N POR AHOME"},"content":{"rendered":"\n<p>CULIAC\u00c1N, SINALOA, a mi\u00e9rcoles 27 de marzo de 2024.- Mingo V\u00e1zquez, uno de los contendientes m\u00e1s fuertes de la Coalici\u00f3n &#8216;Fuerza y Coraz\u00f3n por Sinaloa&#8217; ser\u00e1 el candidato por la alcald\u00eda de Ahome, as\u00ed lo acordaron los presidentes de las cuatro fuerzas pol\u00edticas: PAN, PAS, PRD y PRI.<br>Al respecto, la presidenta del PAN en Sinaloa, inform\u00f3 que los dirigentes de los partidos que conforman la coalici\u00f3n Fuerza y Coraz\u00f3n por Sinaloa est\u00e1n m\u00e1s unidos que nunca y han decidido sumar a Ahome al convenio de coalici\u00f3n para ir juntos y sacar a Morena del municipio.<br>\u201cEn los cambios que se hicieron en el convenio de coalici\u00f3n, los integrantes de la mesa pol\u00edtica, los cuatro dirigentes de los partidos, estuvimos de acuerdo en que Mingo V\u00e1zquez fuera el candidato en Ahome por la coalici\u00f3n Fuerza y Coraz\u00f3n por Sinaloa, estamos m\u00e1s fuertes que nunca, m\u00e1s coordinados que nunca, en la misma sinton\u00eda, y desde aqu\u00ed les decimos que Morena se va de Ahome, ya basta de malos gobiernos\u201d.<br>\u201cNosotros como oposici\u00f3n estamos trabajando juntos, sin importar colores, porque el objetivo mayor es claro, lograr arrebatarle a Morena el poder en Sinaloa y M\u00e9xico para que haya un cambio verdadero, cambiemos Sinaloa, cambiemos M\u00e9xico \u201d, agreg\u00f3.<\/p>\n","protected":false},"excerpt":{"rendered":"<p>CULIAC\u00c1N, SINALOA, a mi\u00e9rcoles 27 de marzo de 2024.- Mingo V\u00e1zquez, uno de los contendientes m\u00e1s fuertes de la Coalici\u00f3n &#8216;Fuerza y Coraz\u00f3n por Sinaloa&#8217; ser\u00e1 el candidato por la alcald\u00eda de Ahome, as\u00ed lo acordaron los presidentes de las cuatro fuerzas pol\u00edticas: PAN, PAS, PRD y PRI.Al respecto, la presidenta del PAN en Sinaloa, [&hellip;]<\/p>\n","protected":false},"author":2,"featured_media":41169,"comment_status":"closed","ping_status":"open","sticky":false,"template":"","format":"standard","meta":{"_mi_skip_tracking":false,"footnotes":""},"categories":[13],"tags":[],"class_list":["post-41168","post","type-post","status-publish","format-standard","has-post-thumbnail","hentry","category-sinaloa"],"_links":{"self":[{"href":"https:\/\/www.puntociegoeditorial.com\/web\/wp-json\/wp\/v2\/posts\/41168","targetHints":{"allow":["GET"]}}],"collection":[{"href":"https:\/\/www.puntociegoeditorial.com\/web\/wp-json\/wp\/v2\/posts"}],"about":[{"href":"https:\/\/www.puntociegoeditorial.com\/web\/wp-json\/wp\/v2\/types\/post"}],"author":[{"embeddable":true,"href":"https:\/\/www.puntociegoeditorial.com\/web\/wp-json\/wp\/v2\/users\/2"}],"replies":[{"embeddable":true,"href":"https:\/\/www.puntociegoeditorial.com\/web\/wp-json\/wp\/v2\/comments?post=41168"}],"version-history":[{"count":1,"href":"https:\/\/www.puntociegoeditorial.com\/web\/wp-json\/wp\/v2\/posts\/41168\/revisions"}],"predecessor-version":[{"id":41170,"href":"https:\/\/www.puntociegoeditorial.com\/web\/wp-json\/wp\/v2\/posts\/41168\/revisions\/41170"}],"wp:featuredmedia":[{"embeddable":true,"href":"https:\/\/www.puntociegoeditorial.com\/web\/wp-json\/wp\/v2\/media\/41169"}],"wp:attachment":[{"href":"https:\/\/www.puntociegoeditorial.com\/web\/wp-json\/wp\/v2\/media?parent=41168"}],"wp:term":[{"taxonomy":"category","embeddable":true,"href":"https:\/\/www.puntociegoeditorial.com\/web\/wp-json\/wp\/v2\/categories?post=41168"},{"taxonomy":"post_tag","embeddable":true,"href":"https:\/\/www.puntociegoeditorial.com\/web\/wp-json\/wp\/v2\/tags?post=41168"}],"curies":[{"name":"wp","href":"https:\/\/api.w.org\/{rel}","templated":true}]}}