{"id":416,"date":"2021-08-31T20:54:08","date_gmt":"2021-09-01T02:54:08","guid":{"rendered":"https:\/\/puntociegoeditorial.com\/web\/?p=416"},"modified":"2021-08-31T20:54:08","modified_gmt":"2021-09-01T02:54:08","slug":"servicio-de-recoleccion-de-basura-continua-suspendido-hasta-nuevo-aviso","status":"publish","type":"post","link":"https:\/\/www.puntociegoeditorial.com\/web\/2021\/08\/31\/servicio-de-recoleccion-de-basura-continua-suspendido-hasta-nuevo-aviso\/","title":{"rendered":"Servicio de recolecci\u00f3n de basura contin\u00faa suspendido hasta nuevo aviso"},"content":{"rendered":"\n<p>Por el momento no hay condiciones favorables para descargar basura en el relleno sanitario, inform\u00f3 El Titular de la Direcci\u00f3n de Servicios P\u00fablicos<\/p>\n\n\n\n<p>Por Juan Almod\u00f3var<\/p>\n\n\n\n<p>Debido a las intensas lluvias registradas en el municipio por el paso de la tormenta \u201cNora\u00bb, el servicio de recolecci\u00f3n de basura se volvi\u00f3 a suspender, ya que en el relleno sanitario no se puede descargar en estos momentos, se\u00f1al\u00f3 Rodolfo Audelo Avil\u00e9s.<\/p>\n\n\n\n<p>El Titular de la Direcci\u00f3n de Servicios P\u00fablicos del Ayuntamiento de Culiac\u00e1n, indic\u00f3 que la situaci\u00f3n de desechos acumulados en lugares puntuales de la ciudad ha mantenido a las brigadas de limpieza con jornadas intensas de trabajo para evitar inundaciones y que los drenajes y alcantarillas se tapen.<\/p>\n\n\n\n<p>\u00abse suspendi\u00f3 el servicio de recolecci\u00f3n de basura, no podemos dar el servicio en esta situaci\u00f3n, el relleno sanitario est\u00e1 en malas condiciones\u00bb.<\/p>\n\n\n\n<p>Se\u00f1al\u00f3 que al colocar la basura en las calles, banquetas o dep\u00f3sitos y al no pasar el servicio de recolecci\u00f3n se propicia que esta sea arrastrada por la corriente causando taponamientos en las alcantarillas y rejillas.<\/p>\n","protected":false},"excerpt":{"rendered":"<p>Por el momento no hay condiciones favorables para descargar basura en el relleno sanitario, inform\u00f3 El Titular de la Direcci\u00f3n de Servicios P\u00fablicos Por Juan Almod\u00f3var Debido a las intensas lluvias registradas en el municipio por el paso de la tormenta \u201cNora\u00bb, el servicio de recolecci\u00f3n de basura se volvi\u00f3 a suspender, ya que en [&hellip;]<\/p>\n","protected":false},"author":2,"featured_media":417,"comment_status":"open","ping_status":"open","sticky":false,"template":"","format":"standard","meta":{"_mi_skip_tracking":false,"footnotes":""},"categories":[12],"tags":[37,109,79],"class_list":["post-416","post","type-post","status-publish","format-standard","has-post-thumbnail","hentry","category-ciudad","tag-ayuntamiento","tag-basura","tag-nora"],"_links":{"self":[{"href":"https:\/\/www.puntociegoeditorial.com\/web\/wp-json\/wp\/v2\/posts\/416","targetHints":{"allow":["GET"]}}],"collection":[{"href":"https:\/\/www.puntociegoeditorial.com\/web\/wp-json\/wp\/v2\/posts"}],"about":[{"href":"https:\/\/www.puntociegoeditorial.com\/web\/wp-json\/wp\/v2\/types\/post"}],"author":[{"embeddable":true,"href":"https:\/\/www.puntociegoeditorial.com\/web\/wp-json\/wp\/v2\/users\/2"}],"replies":[{"embeddable":true,"href":"https:\/\/www.puntociegoeditorial.com\/web\/wp-json\/wp\/v2\/comments?post=416"}],"version-history":[{"count":1,"href":"https:\/\/www.puntociegoeditorial.com\/web\/wp-json\/wp\/v2\/posts\/416\/revisions"}],"predecessor-version":[{"id":418,"href":"https:\/\/www.puntociegoeditorial.com\/web\/wp-json\/wp\/v2\/posts\/416\/revisions\/418"}],"wp:featuredmedia":[{"embeddable":true,"href":"https:\/\/www.puntociegoeditorial.com\/web\/wp-json\/wp\/v2\/media\/417"}],"wp:attachment":[{"href":"https:\/\/www.puntociegoeditorial.com\/web\/wp-json\/wp\/v2\/media?parent=416"}],"wp:term":[{"taxonomy":"category","embeddable":true,"href":"https:\/\/www.puntociegoeditorial.com\/web\/wp-json\/wp\/v2\/categories?post=416"},{"taxonomy":"post_tag","embeddable":true,"href":"https:\/\/www.puntociegoeditorial.com\/web\/wp-json\/wp\/v2\/tags?post=416"}],"curies":[{"name":"wp","href":"https:\/\/api.w.org\/{rel}","templated":true}]}}