{"id":4177,"date":"2021-11-06T13:51:20","date_gmt":"2021-11-06T20:51:20","guid":{"rendered":"https:\/\/puntociegoeditorial.com\/web\/?p=4177"},"modified":"2021-11-06T13:51:20","modified_gmt":"2021-11-06T20:51:20","slug":"gran-apoyo-del-imdec-al-basquetbol-infantil-y-juvenil-de-deteccion-de-talentos","status":"publish","type":"post","link":"https:\/\/www.puntociegoeditorial.com\/web\/2021\/11\/06\/gran-apoyo-del-imdec-al-basquetbol-infantil-y-juvenil-de-deteccion-de-talentos\/","title":{"rendered":"GRAN APOYO DEL IMDEC AL BASQUETBOL INFANTIL Y JUVENIL DE DETECCI\u00d3N DE TALENTOS"},"content":{"rendered":"\n<p>Culiac\u00e1n, Sinaloa a s\u00e1bado 6 de noviembre de 2021.- Con todo el apoyo del Gobierno Municipal de Culiac\u00e1n a trav\u00e9s del Instituto Municipal del Deporte y la Cultura F\u00edsica, se puso en marcha el Festival Estatal de Baloncesto para la Detecci\u00f3n de Talentos Deportivos Infantil y Juvenil en la rama varonil y femenil que ser\u00e1n prospectos para representar a Sinaloa en los eventos de federaci\u00f3n y Olimpiada Nacional.<br>El director general del IMDEC, Heriberto \u201cTalisman\u201d Garc\u00eda Osuna y el presidente de la ADEMEBA, C\u00e9sar Ochoa supervisaron cada una de las unidades deportivas del Centro C\u00edvico Constituci\u00f3n, Las Quintas y de la Gabriel Leyva para ver el desarr5ollo del programa de juegos en busca de talentos que inicio hoy y concluir\u00e1 a mediados del mes de enero del pr\u00f3ximo a\u00f1o.<br>\u201cEl Talisman\u201d Garc\u00eda Osuna, dijo que \u201cpor instrucciones del presidente municipal de Culiac\u00e1n, Lic. Jes\u00fas Estrada Ferreiro, se dar\u00e1 seguimientos a los programas de detecci\u00f3n de prospectos deportivos, sobre todo en el deporte social, que es ah\u00ed de donde surgen los talentos que luego nos representan en los eventos de Federaci\u00f3n y de Olimpiada nacional\u201d.<br>\u201cEsa es la encomienda del alcalde de Culiac\u00e1n, por eso estamos programando reuniones con los Comit\u00e9s Municipales Deportivos para dise\u00f1ar estrategias que permitan aplicar programas encaminados a encontrar \u201cesas semillas de a libra\u201d que pronto estar\u00e1n dando resultados en los escenarios estatales, nacionales e internacionales que colocar\u00e1n muy en alto el nombre de Culiac\u00e1n,\u201d expres\u00f3 el titular del \u00f3rgano rector del deporte en Culiac\u00e1n.<br>El presidente de la ADEMEBA, este evento se desarrolla en las canchas del CCC, en las canchas de Las Quintas y en la Unidad Deportivas de la Gabriel Leyva, en las que se aglutinan alrededor de mil jugadores en m\u00e1s de 90 equipos distribuidos en las categor\u00edas de la 2002 hasta la 2014, y estas jornadas tambi\u00e9n se desarrollar\u00e1n en los municipios de Ahome, Guasave, Guam\u00fachil, Culiac\u00e1n y Mazatl\u00e1n.<br>Finalmente, C\u00e9sar Ochoa, indic\u00f3 que el Gobierno Municipal de Culiac\u00e1n a trav\u00e9s del Instituto Municipal del Deporte y la Cultura F\u00edsica \u201cnos han facilitado unidades deportivas en \u00f3ptimas condiciones para desarrollar estas jornadas de detecci\u00f3n de talentos, as\u00ed como facilitarnos equipo m\u00e9dico para cuidar la salud de los jugadores durante el periodo que dure este programa deportivo.<\/p>\n","protected":false},"excerpt":{"rendered":"<p>Culiac\u00e1n, Sinaloa a s\u00e1bado 6 de noviembre de 2021.- Con todo el apoyo del Gobierno Municipal de Culiac\u00e1n a trav\u00e9s del Instituto Municipal del Deporte y la Cultura F\u00edsica, se puso en marcha el Festival Estatal de Baloncesto para la Detecci\u00f3n de Talentos Deportivos Infantil y Juvenil en la rama varonil y femenil que ser\u00e1n [&hellip;]<\/p>\n","protected":false},"author":2,"featured_media":4178,"comment_status":"open","ping_status":"open","sticky":false,"template":"","format":"standard","meta":{"_mi_skip_tracking":false,"footnotes":""},"categories":[16],"tags":[785,26,503,59,21],"class_list":["post-4177","post","type-post","status-publish","format-standard","has-post-thumbnail","hentry","category-accion","tag-basquetbol","tag-culiacan","tag-imdec","tag-jesus-estrada-ferreiro","tag-sinaloa"],"_links":{"self":[{"href":"https:\/\/www.puntociegoeditorial.com\/web\/wp-json\/wp\/v2\/posts\/4177","targetHints":{"allow":["GET"]}}],"collection":[{"href":"https:\/\/www.puntociegoeditorial.com\/web\/wp-json\/wp\/v2\/posts"}],"about":[{"href":"https:\/\/www.puntociegoeditorial.com\/web\/wp-json\/wp\/v2\/types\/post"}],"author":[{"embeddable":true,"href":"https:\/\/www.puntociegoeditorial.com\/web\/wp-json\/wp\/v2\/users\/2"}],"replies":[{"embeddable":true,"href":"https:\/\/www.puntociegoeditorial.com\/web\/wp-json\/wp\/v2\/comments?post=4177"}],"version-history":[{"count":1,"href":"https:\/\/www.puntociegoeditorial.com\/web\/wp-json\/wp\/v2\/posts\/4177\/revisions"}],"predecessor-version":[{"id":4179,"href":"https:\/\/www.puntociegoeditorial.com\/web\/wp-json\/wp\/v2\/posts\/4177\/revisions\/4179"}],"wp:featuredmedia":[{"embeddable":true,"href":"https:\/\/www.puntociegoeditorial.com\/web\/wp-json\/wp\/v2\/media\/4178"}],"wp:attachment":[{"href":"https:\/\/www.puntociegoeditorial.com\/web\/wp-json\/wp\/v2\/media?parent=4177"}],"wp:term":[{"taxonomy":"category","embeddable":true,"href":"https:\/\/www.puntociegoeditorial.com\/web\/wp-json\/wp\/v2\/categories?post=4177"},{"taxonomy":"post_tag","embeddable":true,"href":"https:\/\/www.puntociegoeditorial.com\/web\/wp-json\/wp\/v2\/tags?post=4177"}],"curies":[{"name":"wp","href":"https:\/\/api.w.org\/{rel}","templated":true}]}}