{"id":426,"date":"2021-09-01T10:24:47","date_gmt":"2021-09-01T16:24:47","guid":{"rendered":"http:\/\/puntociegoeditorial.com\/web\/?p=426"},"modified":"2021-09-01T10:24:47","modified_gmt":"2021-09-01T16:24:47","slug":"dura-baja-sufre-mazatlan-fc","status":"publish","type":"post","link":"https:\/\/www.puntociegoeditorial.com\/web\/2021\/09\/01\/dura-baja-sufre-mazatlan-fc\/","title":{"rendered":"Dura baja sufre Mazatl\u00e1n FC"},"content":{"rendered":"\n<p>El defensa central brasile\u00f1o Ygor Nogueira ser\u00e1 sometido a una operaci\u00f3n del menisco de la rodilla derecha<\/p>\n\n\n\n<p>Redacci\u00f3n<\/p>\n\n\n\n<p>MAZATL\u00c1N, Sinaloa._ La escuadra Mazatl\u00e1n FC sufri\u00f3 una dura baja dentro de su plantel, ya que su defensor brasile\u00f1o Ygor Nogueira, quien sufri\u00f3 molestias en su rodilla derecha durante el encuentro ante el Atl\u00e9tico de San Luis, en la pasada jornada 6 del Torneo Apertura 2021 de la Liga MX.<\/p>\n\n\n\n<p>Durante el encuentro, que termin\u00f3 empatado a dos goles por bando, Nogueira present\u00f3 molestias, por lo que al terminar fue evaluado por el \u00e1rea m\u00e9dica del equipo, encontr\u00e1ndose una ruptura del menisco lateral de la rodilla derecha, por lo que ser\u00e1 sometido a cirug\u00eda en Guadalajara para corregir dicho problema<\/p>\n\n\n\n<p>En los pr\u00f3ximos d\u00edas se dar\u00e1 a conocer\u00e1 el tiempo de recuperaci\u00f3n que tendr\u00e1 el defensor.<\/p>\n","protected":false},"excerpt":{"rendered":"<p>El defensa central brasile\u00f1o Ygor Nogueira ser\u00e1 sometido a una operaci\u00f3n del menisco de la rodilla derecha Redacci\u00f3n MAZATL\u00c1N, Sinaloa._ La escuadra Mazatl\u00e1n FC sufri\u00f3 una dura baja dentro de su plantel, ya que su defensor brasile\u00f1o Ygor Nogueira, quien sufri\u00f3 molestias en su rodilla derecha durante el encuentro ante el Atl\u00e9tico de San Luis, [&hellip;]<\/p>\n","protected":false},"author":4,"featured_media":427,"comment_status":"open","ping_status":"open","sticky":false,"template":"","format":"standard","meta":{"_mi_skip_tracking":false,"footnotes":""},"categories":[16],"tags":[116,115,114,117],"class_list":["post-426","post","type-post","status-publish","format-standard","has-post-thumbnail","hentry","category-accion","tag-futbol-mexicano","tag-liga-mx","tag-mazatlan-fc","tag-ygor-nogueira"],"_links":{"self":[{"href":"https:\/\/www.puntociegoeditorial.com\/web\/wp-json\/wp\/v2\/posts\/426","targetHints":{"allow":["GET"]}}],"collection":[{"href":"https:\/\/www.puntociegoeditorial.com\/web\/wp-json\/wp\/v2\/posts"}],"about":[{"href":"https:\/\/www.puntociegoeditorial.com\/web\/wp-json\/wp\/v2\/types\/post"}],"author":[{"embeddable":true,"href":"https:\/\/www.puntociegoeditorial.com\/web\/wp-json\/wp\/v2\/users\/4"}],"replies":[{"embeddable":true,"href":"https:\/\/www.puntociegoeditorial.com\/web\/wp-json\/wp\/v2\/comments?post=426"}],"version-history":[{"count":1,"href":"https:\/\/www.puntociegoeditorial.com\/web\/wp-json\/wp\/v2\/posts\/426\/revisions"}],"predecessor-version":[{"id":428,"href":"https:\/\/www.puntociegoeditorial.com\/web\/wp-json\/wp\/v2\/posts\/426\/revisions\/428"}],"wp:featuredmedia":[{"embeddable":true,"href":"https:\/\/www.puntociegoeditorial.com\/web\/wp-json\/wp\/v2\/media\/427"}],"wp:attachment":[{"href":"https:\/\/www.puntociegoeditorial.com\/web\/wp-json\/wp\/v2\/media?parent=426"}],"wp:term":[{"taxonomy":"category","embeddable":true,"href":"https:\/\/www.puntociegoeditorial.com\/web\/wp-json\/wp\/v2\/categories?post=426"},{"taxonomy":"post_tag","embeddable":true,"href":"https:\/\/www.puntociegoeditorial.com\/web\/wp-json\/wp\/v2\/tags?post=426"}],"curies":[{"name":"wp","href":"https:\/\/api.w.org\/{rel}","templated":true}]}}