{"id":43059,"date":"2024-05-29T15:08:21","date_gmt":"2024-05-29T22:08:21","guid":{"rendered":"https:\/\/www.puntociegoeditorial.com\/web\/?p=43059"},"modified":"2024-05-29T15:08:21","modified_gmt":"2024-05-29T22:08:21","slug":"vivienda-digna-para-quien-mas-lo-necesita-se-construiran-5-mil-acciones-compromiso-de-juan-de-dios-gamez","status":"publish","type":"post","link":"https:\/\/www.puntociegoeditorial.com\/web\/2024\/05\/29\/vivienda-digna-para-quien-mas-lo-necesita-se-construiran-5-mil-acciones-compromiso-de-juan-de-dios-gamez\/","title":{"rendered":"Vivienda digna para quien m\u00e1s lo necesita, se construir\u00e1n 5 mil acciones; compromiso de Juan de Dios G\u00e1mez"},"content":{"rendered":"\n<p>Mi\u00e9rcoles 29 de mayo de 2024.- Porque la vivienda digna es un derecho elemental de todas las personas, el candidato de Morena a presidente municipal, Juan de Dios G\u00e1mez Mend\u00edvil, tiene como uno de sus principales objetivos la construcci\u00f3n de 5 mil acciones de vivienda en todo el municipio de Culiac\u00e1n para los pr\u00f3ximos tres a\u00f1os.<\/p>\n\n\n\n<p>Este es un compromiso que el aspirante hizo de manera p\u00fablica durante sus recorridos en campa\u00f1a, en donde escuch\u00f3 cu\u00e1les son las necesidades de la gente, siendo la vivienda una de las m\u00e1s requeridas y por lo cual forma parte de sus propuestas.<\/p>\n\n\n\n<p>Para Juan de Dios G\u00e1mez, la calidad de vida y la integridad de las familias es una prioridad, por eso resalta la importancia de continuar en la b\u00fasqueda de justicia social, misma que ser\u00e1 posible alcanzar con la construcci\u00f3n de estas viviendas, as\u00ed como continuando con los programas sociales impulsados por el Gobierno de la Cuarta Transformaci\u00f3n.<\/p>\n\n\n\n<p>En este sentido, G\u00e1mez Mend\u00edvil sostiene que estas 5 mil acciones de vivienda ser\u00e1n en beneficio de familias vulnerables, sin costo para ellas y con la garant\u00eda de accesibilidad a servicios p\u00fablicos de calidad, transporte p\u00fablico y \u00e1reas verdes para redignificar su calidad de vida.<\/p>\n\n\n\n<p>Cabe recalcar que durante su gesti\u00f3n como alcalde de Culiac\u00e1n, se construyeron 860 viviendas en beneficio de las familias que m\u00e1s lo necesitaban, por ello es que el candidato asegura que su gobierno es de hechos, no palabras y de este modo es como busca seguir trabajando por el bienestar ciudadano.<\/p>\n","protected":false},"excerpt":{"rendered":"<p>Mi\u00e9rcoles 29 de mayo de 2024.- Porque la vivienda digna es un derecho elemental de todas las personas, el candidato de Morena a presidente municipal, Juan de Dios G\u00e1mez Mend\u00edvil, tiene como uno de sus principales objetivos la construcci\u00f3n de 5 mil acciones de vivienda en todo el municipio de Culiac\u00e1n para los pr\u00f3ximos tres [&hellip;]<\/p>\n","protected":false},"author":2,"featured_media":43060,"comment_status":"closed","ping_status":"open","sticky":false,"template":"","format":"standard","meta":{"_mi_skip_tracking":false,"footnotes":""},"categories":[12],"tags":[],"class_list":["post-43059","post","type-post","status-publish","format-standard","has-post-thumbnail","hentry","category-ciudad"],"_links":{"self":[{"href":"https:\/\/www.puntociegoeditorial.com\/web\/wp-json\/wp\/v2\/posts\/43059","targetHints":{"allow":["GET"]}}],"collection":[{"href":"https:\/\/www.puntociegoeditorial.com\/web\/wp-json\/wp\/v2\/posts"}],"about":[{"href":"https:\/\/www.puntociegoeditorial.com\/web\/wp-json\/wp\/v2\/types\/post"}],"author":[{"embeddable":true,"href":"https:\/\/www.puntociegoeditorial.com\/web\/wp-json\/wp\/v2\/users\/2"}],"replies":[{"embeddable":true,"href":"https:\/\/www.puntociegoeditorial.com\/web\/wp-json\/wp\/v2\/comments?post=43059"}],"version-history":[{"count":1,"href":"https:\/\/www.puntociegoeditorial.com\/web\/wp-json\/wp\/v2\/posts\/43059\/revisions"}],"predecessor-version":[{"id":43061,"href":"https:\/\/www.puntociegoeditorial.com\/web\/wp-json\/wp\/v2\/posts\/43059\/revisions\/43061"}],"wp:featuredmedia":[{"embeddable":true,"href":"https:\/\/www.puntociegoeditorial.com\/web\/wp-json\/wp\/v2\/media\/43060"}],"wp:attachment":[{"href":"https:\/\/www.puntociegoeditorial.com\/web\/wp-json\/wp\/v2\/media?parent=43059"}],"wp:term":[{"taxonomy":"category","embeddable":true,"href":"https:\/\/www.puntociegoeditorial.com\/web\/wp-json\/wp\/v2\/categories?post=43059"},{"taxonomy":"post_tag","embeddable":true,"href":"https:\/\/www.puntociegoeditorial.com\/web\/wp-json\/wp\/v2\/tags?post=43059"}],"curies":[{"name":"wp","href":"https:\/\/api.w.org\/{rel}","templated":true}]}}