{"id":43069,"date":"2024-05-29T18:13:58","date_gmt":"2024-05-30T01:13:58","guid":{"rendered":"https:\/\/www.puntociegoeditorial.com\/web\/?p=43069"},"modified":"2024-05-29T18:13:58","modified_gmt":"2024-05-30T01:13:58","slug":"juan-de-dios-gamez-invita-a-votar-todo-por-morena-para-seguir-con-la-transformacion-de-culiacan","status":"publish","type":"post","link":"https:\/\/www.puntociegoeditorial.com\/web\/2024\/05\/29\/juan-de-dios-gamez-invita-a-votar-todo-por-morena-para-seguir-con-la-transformacion-de-culiacan\/","title":{"rendered":"Juan de Dios G\u00e1mez invita a votar todo por Morena para seguir con la transformaci\u00f3n de Culiac\u00e1n"},"content":{"rendered":"\n<p>Mi\u00e9rcoles 29 de mayo de 2024.- El candidato de Morena a presidente municipal de Culiac\u00e1n, Juan de Dios G\u00e1mez Mend\u00edvil, invit\u00f3 a la ciudadan\u00eda para que voten por todos los candidatos de Morena el domingo 2 de junio.<\/p>\n\n\n\n<p>Con una visi\u00f3n centrada en el progreso, la inclusi\u00f3n y el bienestar de todos los habitantes del municipio, G\u00e1mez Mend\u00edvil se compromete a seguir trabajando incansablemente por Culiac\u00e1n, tal y como lo hizo durante su gesti\u00f3n, pues como lo ha dicho, \u201ccuando se es gobierno es cuando hay que aprovechar la oportunidad para apoyar a quienes m\u00e1s lo necesitan\u201d.<\/p>\n\n\n\n<p>El morenista ha dejado en claro que su principal objetivo sigue siendo el bienestar social, por lo que este 2 de junio pide a la ciudadan\u00eda su apoyo para que Culiac\u00e1n siga avanzando hacia una ciudad con servicios p\u00fablicos de calidad, m\u00e1s segura, inclusiva, con una mejor movilidad, y con un desarrollo urbano ordenado y sostenible.<\/p>\n\n\n\n<p>En este sentido, Juan de Dios G\u00e1mez resalta que esta fecha es crucial para el rumbo que tomar\u00e1 el municipio, donde ellos podr\u00e1n decidir que Culiac\u00e1n tenga mil calles m\u00e1s pavimentadas, una nueva planta potabilizadora para la zona sur oriente, 5 mil acciones de vivienda, ciclov\u00edas, nuevo teatro, una milla ol\u00edmp\u00edca, entre otros compromisos que ser\u00e1n una realidad una vez ganada esta contienda electoral.<\/p>\n\n\n\n<p>Asimismo, el candidato exhorta a los ciudadanos a acudir muy temprano el domingo 2 de junio a sus casillas correspondientes y votar 5 de 5, todo por Morena, para que la transformaci\u00f3n en Culiac\u00e1n y todo M\u00e9xico contin\u00fae.<\/p>\n\n\n\n<p>\u00abVotemos todos por la doctora Claudia Sheinbaum para presidenta de la Rep\u00fablica, Imelda Castro y Enrique Inzunza C\u00e1zarez para senadores, as\u00ed como las y los candidatos de Morena a diputaciones locales y federales\u00bb, concluy\u00f3.<\/p>\n","protected":false},"excerpt":{"rendered":"<p>Mi\u00e9rcoles 29 de mayo de 2024.- El candidato de Morena a presidente municipal de Culiac\u00e1n, Juan de Dios G\u00e1mez Mend\u00edvil, invit\u00f3 a la ciudadan\u00eda para que voten por todos los candidatos de Morena el domingo 2 de junio. Con una visi\u00f3n centrada en el progreso, la inclusi\u00f3n y el bienestar de todos los habitantes del [&hellip;]<\/p>\n","protected":false},"author":2,"featured_media":43070,"comment_status":"closed","ping_status":"open","sticky":false,"template":"","format":"standard","meta":{"_mi_skip_tracking":false,"footnotes":""},"categories":[12],"tags":[],"class_list":["post-43069","post","type-post","status-publish","format-standard","has-post-thumbnail","hentry","category-ciudad"],"_links":{"self":[{"href":"https:\/\/www.puntociegoeditorial.com\/web\/wp-json\/wp\/v2\/posts\/43069","targetHints":{"allow":["GET"]}}],"collection":[{"href":"https:\/\/www.puntociegoeditorial.com\/web\/wp-json\/wp\/v2\/posts"}],"about":[{"href":"https:\/\/www.puntociegoeditorial.com\/web\/wp-json\/wp\/v2\/types\/post"}],"author":[{"embeddable":true,"href":"https:\/\/www.puntociegoeditorial.com\/web\/wp-json\/wp\/v2\/users\/2"}],"replies":[{"embeddable":true,"href":"https:\/\/www.puntociegoeditorial.com\/web\/wp-json\/wp\/v2\/comments?post=43069"}],"version-history":[{"count":1,"href":"https:\/\/www.puntociegoeditorial.com\/web\/wp-json\/wp\/v2\/posts\/43069\/revisions"}],"predecessor-version":[{"id":43071,"href":"https:\/\/www.puntociegoeditorial.com\/web\/wp-json\/wp\/v2\/posts\/43069\/revisions\/43071"}],"wp:featuredmedia":[{"embeddable":true,"href":"https:\/\/www.puntociegoeditorial.com\/web\/wp-json\/wp\/v2\/media\/43070"}],"wp:attachment":[{"href":"https:\/\/www.puntociegoeditorial.com\/web\/wp-json\/wp\/v2\/media?parent=43069"}],"wp:term":[{"taxonomy":"category","embeddable":true,"href":"https:\/\/www.puntociegoeditorial.com\/web\/wp-json\/wp\/v2\/categories?post=43069"},{"taxonomy":"post_tag","embeddable":true,"href":"https:\/\/www.puntociegoeditorial.com\/web\/wp-json\/wp\/v2\/tags?post=43069"}],"curies":[{"name":"wp","href":"https:\/\/api.w.org\/{rel}","templated":true}]}}